{"id":1054,"date":"2023-07-19T18:10:33","date_gmt":"2023-07-19T18:10:33","guid":{"rendered":"https:\/\/academiaolhodehorus.com.br\/?page_id=1054"},"modified":"2023-07-19T18:10:33","modified_gmt":"2023-07-19T18:10:33","slug":"3o-setor-projetos-nao-e-nao","status":"publish","type":"post","link":"https:\/\/academiaolhodehorus.com.br\/index.php\/2023\/07\/19\/3o-setor-projetos-nao-e-nao\/","title":{"rendered":"3o Setor | Projetos | N\u00c3O \u00c9 N\u00c3O"},"content":{"rendered":"\n<div class=\"wp-block-group alignfull has-background is-layout-flow\" style=\"background-color:#f2f0e9\">\n<div class=\"wp-block-columns alignwide is-layout-flex wp-container-2\">\n<div class=\"wp-block-column is-layout-flow\" style=\"flex-basis:100%\">\n<p class=\"has-text-align-center has-foreground-color has-text-color\" style=\"font-size:25px;line-height:1.1\"><strong>3o Setor | Projetos<\/strong><\/p>\n<\/div>\n<\/div>\n<\/div>\n\n\n\n<div class=\"wp-block-columns alignfull is-layout-flex wp-container-5\">\n<div class=\"wp-block-column is-layout-flow\">\n<figure class=\"wp-block-table alignwide\" style=\"font-size:16px\"><table style=\"border-width:2px\"><tbody><tr><td class=\"has-text-align-left\" data-align=\"left\"><strong>N\u00c3O \u00c9 N\u00c3O<\/strong><\/td><\/tr><tr><td class=\"has-text-align-left\" data-align=\"left\"><strong>Institui\u00e7\u00e3o: <\/strong>N\u00e3o \u00e9 N\u00e3o<\/td><\/tr><tr><td class=\"has-text-align-left\" data-align=\"left\"><strong>Acesse o Projeto:<\/strong> <br><a href=\"https:\/\/forumseguranca.org.br\/wp-content\/uploads\/2021\/06\/relatorio-visivel-e-invisivel-3ed-2021-v3.pdf\"><br><\/a><a href=\"https:\/\/naoenao.com.br\/nossa-historia\/\">https:\/\/naoenao.com.br\/nossa-historia\/\/<br>https:\/\/naoenao.com.br\/quem-somos\/<\/a><\/td><\/tr><tr><td class=\"has-text-align-left\" data-align=\"left\"><strong>Formato:<\/strong> Manifesto<\/td><\/tr><tr><td class=\"has-text-align-left\" data-align=\"left\"><strong>Descri\u00e7\u00e3o:<\/strong><br><br>Coletivo feminista organizado pelas cofundadoras Aisha Jacob; Barbara Menchise; Julia Parucker; Luiza Borges; Nandi Barbosa. A proposta \u00e9 fazer dos &#8220;pr\u00f3prios corpos um outdoor da luta&#8221;, ocupando diferentes espa\u00e7os. Repudiando qualquer tipo de ass\u00e9dio (visual, verbal ou f\u00edsico), elas atuam na difus\u00e3o e constru\u00e7\u00e3o de pautas relativas \u00e0 seguran\u00e7a e bem estar das mulheres na sociedade, atrav\u00e9s da produ\u00e7\u00e3o de conte\u00fados para redes sociais, palestras em escolas, empresas e eventos, e constru\u00e7\u00e3o de parcerias e projetos com grupos da sociedade civil organizada e marcas. O videomanifesto foi realizado para a exposi\u00e7\u00e3o Nosotras Luchamos (Berlim), que aconteceu de novembro 2018 a janeiro de 2019. O coletivo N\u00e3o \u00e9 N\u00e3o teve in\u00edcio ap\u00f3s mais um ass\u00e9dio sofrido em um samba durante o pr\u00e9 carnaval no Rio de Janeiro, em 2017. Decididas a transformar a indigna\u00e7\u00e3o em for\u00e7a para agir, em 48 horas o grupo de mulheres arrecadou R$2.794 atrav\u00e9s de uma \u201cvaquinha\u201d entre 40 mulheres. J\u00e1 no carnaval de 2017, foram produzidos e distribu\u00eddos, gratuitamente, 4 mil tatuagens \u201cN\u00e3o \u00e9 N\u00e3o!\u201d nos blocos de rua do Rio de Janeiro.<\/td><\/tr><\/tbody><\/table><\/figure>\n<\/div>\n<\/div>\n","protected":false},"excerpt":{"rendered":"<p>3o Setor | Projetos N\u00c3O \u00c9 N\u00c3O Institui\u00e7\u00e3o: N\u00e3o \u00e9 N\u00e3o Acesse o Projeto: https:\/\/naoenao.com.br\/nossa-historia\/\/https:\/\/naoenao.com.br\/quem-somos\/ Formato: Manifesto Descri\u00e7\u00e3o: Coletivo feminista organizado pelas cofundadoras Aisha Jacob; Barbara Menchise; Julia Parucker; Luiza Borges; Nandi Barbosa. A proposta \u00e9 fazer dos &#8220;pr\u00f3prios corpos um outdoor da luta&#8221;, ocupando diferentes espa\u00e7os. Repudiando qualquer tipo de ass\u00e9dio (visual, verbal ou [&hellip;]<\/p>\n","protected":false},"author":2,"featured_media":0,"comment_status":"closed","ping_status":"closed","sticky":false,"template":"","format":"standard","meta":[],"categories":[7],"tags":[],"_links":{"self":[{"href":"https:\/\/academiaolhodehorus.com.br\/index.php\/wp-json\/wp\/v2\/posts\/1054"}],"collection":[{"href":"https:\/\/academiaolhodehorus.com.br\/index.php\/wp-json\/wp\/v2\/posts"}],"about":[{"href":"https:\/\/academiaolhodehorus.com.br\/index.php\/wp-json\/wp\/v2\/types\/post"}],"author":[{"embeddable":true,"href":"https:\/\/academiaolhodehorus.com.br\/index.php\/wp-json\/wp\/v2\/users\/2"}],"replies":[{"embeddable":true,"href":"https:\/\/academiaolhodehorus.com.br\/index.php\/wp-json\/wp\/v2\/comments?post=1054"}],"version-history":[{"count":5,"href":"https:\/\/academiaolhodehorus.com.br\/index.php\/wp-json\/wp\/v2\/posts\/1054\/revisions"}],"predecessor-version":[{"id":1688,"href":"https:\/\/academiaolhodehorus.com.br\/index.php\/wp-json\/wp\/v2\/posts\/1054\/revisions\/1688"}],"wp:attachment":[{"href":"https:\/\/academiaolhodehorus.com.br\/index.php\/wp-json\/wp\/v2\/media?parent=1054"}],"wp:term":[{"taxonomy":"category","embeddable":true,"href":"https:\/\/academiaolhodehorus.com.br\/index.php\/wp-json\/wp\/v2\/categories?post=1054"},{"taxonomy":"post_tag","embeddable":true,"href":"https:\/\/academiaolhodehorus.com.br\/index.php\/wp-json\/wp\/v2\/tags?post=1054"}],"curies":[{"name":"wp","href":"https:\/\/api.w.org\/{rel}","templated":true}]}}