{"id":1096,"date":"2023-07-19T18:12:55","date_gmt":"2023-07-19T18:12:55","guid":{"rendered":"https:\/\/academiaolhodehorus.com.br\/?page_id=1096"},"modified":"2023-07-19T18:12:55","modified_gmt":"2023-07-19T18:12:55","slug":"3o-setor-projetos-amaro","status":"publish","type":"post","link":"https:\/\/academiaolhodehorus.com.br\/index.php\/2023\/07\/19\/3o-setor-projetos-amaro\/","title":{"rendered":"3o Setor | Projetos | Amaro"},"content":{"rendered":"\n<div class=\"wp-block-group alignfull has-background is-layout-flow\" style=\"background-color:#f2f0e9\">\n<div class=\"wp-block-columns alignwide is-layout-flex wp-container-2\">\n<div class=\"wp-block-column is-layout-flow\" style=\"flex-basis:100%\">\n<p class=\"has-text-align-center has-foreground-color has-text-color\" style=\"font-size:25px;line-height:1.1\"><strong>3o Setor | Projetos<\/strong><\/p>\n<\/div>\n<\/div>\n<\/div>\n\n\n\n<div class=\"wp-block-columns alignfull is-layout-flex wp-container-5\">\n<div class=\"wp-block-column is-layout-flow\">\n<figure class=\"wp-block-table alignwide\" style=\"font-size:16px\"><table style=\"border-width:2px\"><tbody><tr><td class=\"has-text-align-left\" data-align=\"left\"><strong>Amaro<\/strong><\/td><\/tr><tr><td class=\"has-text-align-left\" data-align=\"left\"><strong>Institui\u00e7\u00e3o: <\/strong>N\u00e3o \u00e9 N\u00e3o<\/td><\/tr><tr><td class=\"has-text-align-left\" data-align=\"left\"><strong>Acesse o Projeto:<\/strong> <a href=\"https:\/\/naoenao.com.br\/portfolio-item\/amaro\/\">https:\/\/naoenao.com.br\/portfolio-item\/amaro\/<\/a><\/td><\/tr><tr><td class=\"has-text-align-left\" data-align=\"left\"><strong>Formato:<\/strong> Tatuagens<\/td><\/tr><tr><td class=\"has-text-align-left\" data-align=\"left\"><strong>Descri\u00e7\u00e3o:<\/strong><br><br>Parceria para combater o ass\u00e9dio feminino. No carnaval 2019, a Amaro (moda feminina) estreou na a\u00e7\u00e3o do N\u00e3o \u00c9 N\u00e3o!. A cria\u00e7\u00e3o conjunta resultou na tatuagem tempor\u00e1ria com a frase \u201cMinha Roupa N\u00e3o \u00c9 Um Convite\u201d. Foram produzidas mais de 10.000 tatuagens, distribu\u00eddas atrav\u00e9s de parceiros da marca, blocos de carnaval e nos Guide Shops da Amaro.<\/td><\/tr><\/tbody><\/table><\/figure>\n<\/div>\n<\/div>\n","protected":false},"excerpt":{"rendered":"<p>3o Setor | Projetos Amaro Institui\u00e7\u00e3o: N\u00e3o \u00e9 N\u00e3o Acesse o Projeto: https:\/\/naoenao.com.br\/portfolio-item\/amaro\/ Formato: Tatuagens Descri\u00e7\u00e3o: Parceria para combater o ass\u00e9dio feminino. No carnaval 2019, a Amaro (moda feminina) estreou na a\u00e7\u00e3o do N\u00e3o \u00c9 N\u00e3o!. A cria\u00e7\u00e3o conjunta resultou na tatuagem tempor\u00e1ria com a frase \u201cMinha Roupa N\u00e3o \u00c9 Um Convite\u201d. Foram produzidas mais [&hellip;]<\/p>\n","protected":false},"author":2,"featured_media":0,"comment_status":"closed","ping_status":"closed","sticky":false,"template":"","format":"standard","meta":[],"categories":[7],"tags":[],"_links":{"self":[{"href":"https:\/\/academiaolhodehorus.com.br\/index.php\/wp-json\/wp\/v2\/posts\/1096"}],"collection":[{"href":"https:\/\/academiaolhodehorus.com.br\/index.php\/wp-json\/wp\/v2\/posts"}],"about":[{"href":"https:\/\/academiaolhodehorus.com.br\/index.php\/wp-json\/wp\/v2\/types\/post"}],"author":[{"embeddable":true,"href":"https:\/\/academiaolhodehorus.com.br\/index.php\/wp-json\/wp\/v2\/users\/2"}],"replies":[{"embeddable":true,"href":"https:\/\/academiaolhodehorus.com.br\/index.php\/wp-json\/wp\/v2\/comments?post=1096"}],"version-history":[{"count":3,"href":"https:\/\/academiaolhodehorus.com.br\/index.php\/wp-json\/wp\/v2\/posts\/1096\/revisions"}],"predecessor-version":[{"id":1608,"href":"https:\/\/academiaolhodehorus.com.br\/index.php\/wp-json\/wp\/v2\/posts\/1096\/revisions\/1608"}],"wp:attachment":[{"href":"https:\/\/academiaolhodehorus.com.br\/index.php\/wp-json\/wp\/v2\/media?parent=1096"}],"wp:term":[{"taxonomy":"category","embeddable":true,"href":"https:\/\/academiaolhodehorus.com.br\/index.php\/wp-json\/wp\/v2\/categories?post=1096"},{"taxonomy":"post_tag","embeddable":true,"href":"https:\/\/academiaolhodehorus.com.br\/index.php\/wp-json\/wp\/v2\/tags?post=1096"}],"curies":[{"name":"wp","href":"https:\/\/api.w.org\/{rel}","templated":true}]}}