{"id":1171,"date":"2023-07-19T18:11:37","date_gmt":"2023-07-19T18:11:37","guid":{"rendered":"https:\/\/academiaolhodehorus.com.br\/?page_id=1171"},"modified":"2023-07-19T18:11:37","modified_gmt":"2023-07-19T18:11:37","slug":"3o-setor-projetos-marcha-pela-igualdade","status":"publish","type":"post","link":"https:\/\/academiaolhodehorus.com.br\/index.php\/2023\/07\/19\/3o-setor-projetos-marcha-pela-igualdade\/","title":{"rendered":"3o Setor | Projetos | Marcha pela Igualdade"},"content":{"rendered":"\n<div class=\"wp-block-group alignfull has-background is-layout-flow\" style=\"background-color:#f2f0e9\">\n<div class=\"wp-block-columns alignwide is-layout-flex wp-container-2\">\n<div class=\"wp-block-column is-layout-flow\" style=\"flex-basis:100%\">\n<p class=\"has-text-align-center has-foreground-color has-text-color\" style=\"font-size:25px;line-height:1.1\"><strong>3o Setor | Projetos<\/strong><\/p>\n<\/div>\n<\/div>\n<\/div>\n\n\n\n<div class=\"wp-block-columns alignfull is-layout-flex wp-container-5\">\n<div class=\"wp-block-column is-layout-flow\">\n<figure class=\"wp-block-table alignwide\" style=\"font-size:16px\"><table style=\"border-width:2px\"><tbody><tr><td class=\"has-text-align-left\" data-align=\"left\"><strong>Marcha pela Igualdade<\/strong><\/td><\/tr><tr><td class=\"has-text-align-left\" data-align=\"left\"><strong>Institui\u00e7\u00e3o: <\/strong>Marcha Mundial das Mulheres<\/td><\/tr><tr><td class=\"has-text-align-left\" data-align=\"left\"><strong>Acesse o Projeto:<\/strong> <a href=\"https:\/\/forumseguranca.org.br\/wp-content\/uploads\/2021\/06\/relatorio-visivel-e-invisivel-3ed-2021-v3.pdf\">&nbsp;<\/a><a href=\"https:\/\/marchamulheres.wordpress.com\/mmm\/\">https:\/\/marchamulheres.wordpress.com\/mmm\/<\/a><\/td><\/tr><tr><td class=\"has-text-align-left\" data-align=\"left\"><strong>Formato:<\/strong> Den\u00fancia, reivindica\u00e7\u00e3o e forma\u00e7\u00e3o.<\/td><\/tr><tr><td class=\"has-text-align-left\" data-align=\"left\"><strong>Descri\u00e7\u00e3o:<\/strong><br><br>A Marcha Mundial das Mulheres (MMM) nasceu no ano 2000 como mobiliza\u00e7\u00e3o que reuniu mulheres do mundo todo em uma campanha contra a pobreza e a viol\u00eancia. As a\u00e7\u00f5es come\u00e7aram em 8 de mar\u00e7o, Dia Internacional da Mulher, e terminaram em 17 de outubro. A inspira\u00e7\u00e3o para a cria\u00e7\u00e3o da Marcha Mundial das Mulheres partiu de uma manifesta\u00e7\u00e3o realizada em 1995, em Quebec, no Canad\u00e1, quando 850 mulheres marcharam 200 quil\u00f4metros, pedindo, simbolicamente, \u201cP\u00e3o e Rosas\u201d. Entre os princ\u00edpios da MMM est\u00e3o a organiza\u00e7\u00e3o das mulheres urbanas e rurais a partir da base e as alian\u00e7as com movimentos sociais. A MMM defende que as mulheres s\u00e3o sujeitos ativos na luta pela transforma\u00e7\u00e3o de suas vidas. A MMM j\u00e1 realizou tr\u00eas a\u00e7\u00f5es internacionais (2000, 2005 e 2010). No Brasil, a a\u00e7\u00e3o internacional da Marcha Mundial das Mulheres aconteceu entre 8 e 18 de mar\u00e7o (2010), estruturada no formato de uma marcha que percorreu o trajeto entre as cidades de Campinas e S\u00e3o Paulo. Cerca de 3 mil mulheres, reuniram-se em uma grande atividade de den\u00fancia, reivindica\u00e7\u00e3o e forma\u00e7\u00e3o, O evento reuniu mulheres rurais, urbanas, ind\u00edgenas, negras, brancas, jovens, adultas, l\u00e9sbicas, bissexuais e heterossexuais auto-organizadas.<\/td><\/tr><\/tbody><\/table><\/figure>\n<\/div>\n<\/div>\n","protected":false},"excerpt":{"rendered":"<p>3o Setor | Projetos Marcha pela Igualdade Institui\u00e7\u00e3o: Marcha Mundial das Mulheres Acesse o Projeto: &nbsp;https:\/\/marchamulheres.wordpress.com\/mmm\/ Formato: Den\u00fancia, reivindica\u00e7\u00e3o e forma\u00e7\u00e3o. Descri\u00e7\u00e3o: A Marcha Mundial das Mulheres (MMM) nasceu no ano 2000 como mobiliza\u00e7\u00e3o que reuniu mulheres do mundo todo em uma campanha contra a pobreza e a viol\u00eancia. As a\u00e7\u00f5es come\u00e7aram em 8 de [&hellip;]<\/p>\n","protected":false},"author":2,"featured_media":0,"comment_status":"closed","ping_status":"closed","sticky":false,"template":"","format":"standard","meta":[],"categories":[7],"tags":[],"_links":{"self":[{"href":"https:\/\/academiaolhodehorus.com.br\/index.php\/wp-json\/wp\/v2\/posts\/1171"}],"collection":[{"href":"https:\/\/academiaolhodehorus.com.br\/index.php\/wp-json\/wp\/v2\/posts"}],"about":[{"href":"https:\/\/academiaolhodehorus.com.br\/index.php\/wp-json\/wp\/v2\/types\/post"}],"author":[{"embeddable":true,"href":"https:\/\/academiaolhodehorus.com.br\/index.php\/wp-json\/wp\/v2\/users\/2"}],"replies":[{"embeddable":true,"href":"https:\/\/academiaolhodehorus.com.br\/index.php\/wp-json\/wp\/v2\/comments?post=1171"}],"version-history":[{"count":3,"href":"https:\/\/academiaolhodehorus.com.br\/index.php\/wp-json\/wp\/v2\/posts\/1171\/revisions"}],"predecessor-version":[{"id":1678,"href":"https:\/\/academiaolhodehorus.com.br\/index.php\/wp-json\/wp\/v2\/posts\/1171\/revisions\/1678"}],"wp:attachment":[{"href":"https:\/\/academiaolhodehorus.com.br\/index.php\/wp-json\/wp\/v2\/media?parent=1171"}],"wp:term":[{"taxonomy":"category","embeddable":true,"href":"https:\/\/academiaolhodehorus.com.br\/index.php\/wp-json\/wp\/v2\/categories?post=1171"},{"taxonomy":"post_tag","embeddable":true,"href":"https:\/\/academiaolhodehorus.com.br\/index.php\/wp-json\/wp\/v2\/tags?post=1171"}],"curies":[{"name":"wp","href":"https:\/\/api.w.org\/{rel}","templated":true}]}}