{"id":1204,"date":"2023-07-19T04:55:21","date_gmt":"2023-07-19T04:55:21","guid":{"rendered":"https:\/\/academiaolhodehorus.com.br\/?page_id=1204"},"modified":"2023-07-19T18:07:42","modified_gmt":"2023-07-19T18:07:42","slug":"3o-setor-projetos-plataforma-nao-seremos-interrompidas","status":"publish","type":"post","link":"https:\/\/academiaolhodehorus.com.br\/index.php\/2023\/07\/19\/3o-setor-projetos-plataforma-nao-seremos-interrompidas\/","title":{"rendered":"3o Setor | Projetos | Plataforma N\u00e3o Seremos Interrompidas"},"content":{"rendered":"\n<div class=\"wp-block-group alignfull has-background is-layout-flow\" style=\"background-color:#f2f0e9\">\n<div class=\"wp-block-columns alignwide is-layout-flex wp-container-2\">\n<div class=\"wp-block-column is-layout-flow\" style=\"flex-basis:100%\">\n<p class=\"has-text-align-center has-foreground-color has-text-color\" style=\"font-size:25px;line-height:1.1\"><strong>3o Setor | Projetos<\/strong><\/p>\n<\/div>\n<\/div>\n<\/div>\n\n\n\n<div class=\"wp-block-columns alignfull is-layout-flex wp-container-5\">\n<div class=\"wp-block-column is-layout-flow\">\n<figure class=\"wp-block-table alignwide\" style=\"font-size:16px\"><table style=\"border-width:2px\"><tbody><tr><td class=\"has-text-align-left\" data-align=\"left\"><strong>Plataforma N\u00e3o Seremos Interrompidas<\/strong><\/td><\/tr><tr><td class=\"has-text-align-left\" data-align=\"left\"><strong>Institui\u00e7\u00e3o: <\/strong>Instituto Marielle Franco<\/td><\/tr><tr><td class=\"has-text-align-left\" data-align=\"left\"><strong>Acesse o Projeto:<\/strong> <a href=\"https:\/\/naoseremosinterrompidas.org\/\">https:\/\/naoseremosinterrompidas.org\/<\/a><\/td><\/tr><tr><td class=\"has-text-align-left\" data-align=\"left\"><strong>Formato:<\/strong> Movimento feminista contra viol\u00eancia pol\u00edtica e ra\u00e7a<\/td><\/tr><tr><td class=\"has-text-align-left\" data-align=\"left\"><strong>Descri\u00e7\u00e3o:<\/strong><br><br>A iniciativa de mobiliza\u00e7\u00e3o pela garantia de prote\u00e7\u00e3o e seguran\u00e7a de mulheres negras, LGBTQIA+ e perif\u00e9ricas que se disponibilizam a ocupar lugares de decis\u00e3o na pol\u00edtica. Mais de 10 mil pessoas j\u00e1 participaram e uma s\u00e9rie de a\u00e7\u00f5es de incid\u00eancia foram feitas gerando importantes resultados: 1. A press\u00e3o sobre \u00f3rg\u00e3os p\u00fablicos nacionais resultou na indica\u00e7\u00e3o da cria\u00e7\u00e3o de uma Subcomiss\u00e3o de Viol\u00eancia Pol\u00edtica de G\u00eanero e Ra\u00e7a no Congresso Nacional; 2. A press\u00e3o local tamb\u00e9m se tornou refer\u00eancia internacional com a ocupa\u00e7\u00e3o de espa\u00e7os como a ONU e a Comiss\u00e3o Interamericana de Direitos Humanos, levando as den\u00fancias de viol\u00eancias; 3. A campanha deu visibilidade aos casos e chamou a aten\u00e7\u00e3o da imprensa, que pautou ainda mais a situa\u00e7\u00e3o e constrangeu as autoridades locais a seguirem com as investiga\u00e7\u00f5es adiante. A primeira a\u00e7\u00e3o da plataforma &#8220;N\u00e3o Seremos Interrompidas&#8221; foi lan\u00e7ada no final de 2020, no caso da Ana L\u00facia Martins, primeira vereadora negra eleita em Joinville. Gra\u00e7as \u00e0 mobiliza\u00e7\u00e3o e press\u00e3o da sociedade, o caso de Ana ficou conhecido em todo o pa\u00eds e passou a ser investigado com acompanhamento de diversas organiza\u00e7\u00f5es.<\/td><\/tr><\/tbody><\/table><\/figure>\n<\/div>\n<\/div>\n","protected":false},"excerpt":{"rendered":"<p>3o Setor | Projetos Plataforma N\u00e3o Seremos Interrompidas Institui\u00e7\u00e3o: Instituto Marielle Franco Acesse o Projeto: https:\/\/naoseremosinterrompidas.org\/ Formato: Movimento feminista contra viol\u00eancia pol\u00edtica e ra\u00e7a Descri\u00e7\u00e3o: A iniciativa de mobiliza\u00e7\u00e3o pela garantia de prote\u00e7\u00e3o e seguran\u00e7a de mulheres negras, LGBTQIA+ e perif\u00e9ricas que se disponibilizam a ocupar lugares de decis\u00e3o na pol\u00edtica. Mais de 10 mil [&hellip;]<\/p>\n","protected":false},"author":2,"featured_media":0,"comment_status":"closed","ping_status":"closed","sticky":false,"template":"","format":"standard","meta":[],"categories":[7],"tags":[],"_links":{"self":[{"href":"https:\/\/academiaolhodehorus.com.br\/index.php\/wp-json\/wp\/v2\/posts\/1204"}],"collection":[{"href":"https:\/\/academiaolhodehorus.com.br\/index.php\/wp-json\/wp\/v2\/posts"}],"about":[{"href":"https:\/\/academiaolhodehorus.com.br\/index.php\/wp-json\/wp\/v2\/types\/post"}],"author":[{"embeddable":true,"href":"https:\/\/academiaolhodehorus.com.br\/index.php\/wp-json\/wp\/v2\/users\/2"}],"replies":[{"embeddable":true,"href":"https:\/\/academiaolhodehorus.com.br\/index.php\/wp-json\/wp\/v2\/comments?post=1204"}],"version-history":[{"count":2,"href":"https:\/\/academiaolhodehorus.com.br\/index.php\/wp-json\/wp\/v2\/posts\/1204\/revisions"}],"predecessor-version":[{"id":1715,"href":"https:\/\/academiaolhodehorus.com.br\/index.php\/wp-json\/wp\/v2\/posts\/1204\/revisions\/1715"}],"wp:attachment":[{"href":"https:\/\/academiaolhodehorus.com.br\/index.php\/wp-json\/wp\/v2\/media?parent=1204"}],"wp:term":[{"taxonomy":"category","embeddable":true,"href":"https:\/\/academiaolhodehorus.com.br\/index.php\/wp-json\/wp\/v2\/categories?post=1204"},{"taxonomy":"post_tag","embeddable":true,"href":"https:\/\/academiaolhodehorus.com.br\/index.php\/wp-json\/wp\/v2\/tags?post=1204"}],"curies":[{"name":"wp","href":"https:\/\/api.w.org\/{rel}","templated":true}]}}