{"id":1260,"date":"2023-07-19T17:54:39","date_gmt":"2023-07-19T17:54:39","guid":{"rendered":"https:\/\/academiaolhodehorus.com.br\/?page_id=1260"},"modified":"2023-07-19T17:55:01","modified_gmt":"2023-07-19T17:55:01","slug":"3o-setor-projetos-varios-projetos-e-iniciativas","status":"publish","type":"post","link":"https:\/\/academiaolhodehorus.com.br\/index.php\/2023\/07\/19\/3o-setor-projetos-varios-projetos-e-iniciativas\/","title":{"rendered":"3o Setor | Projetos | V\u00e1rios projetos e iniciativas"},"content":{"rendered":"\n<div class=\"wp-block-group alignfull has-background is-layout-flow\" style=\"background-color:#f2f0e9\">\n<div class=\"wp-block-columns alignwide is-layout-flex wp-container-2\">\n<div class=\"wp-block-column is-layout-flow\" style=\"flex-basis:100%\">\n<p class=\"has-text-align-center has-foreground-color has-text-color\" style=\"font-size:25px;line-height:1.1\"><strong>3o Setor | Projetos<\/strong><\/p>\n<\/div>\n<\/div>\n<\/div>\n\n\n\n<div class=\"wp-block-columns alignfull is-layout-flex wp-container-5\">\n<div class=\"wp-block-column is-layout-flow\">\n<figure class=\"wp-block-table alignwide\" style=\"font-size:16px\"><table style=\"border-width:2px\"><tbody><tr><td class=\"has-text-align-left\" data-align=\"left\"><strong>V\u00e1rios projetos e iniciativas<\/strong><\/td><\/tr><tr><td class=\"has-text-align-left\" data-align=\"left\"><strong>Institui\u00e7\u00e3o: <\/strong>AMB Feminista \u2013 Articula\u00e7\u00e3o de Mulheres Brasileiras<\/td><\/tr><tr><td class=\"has-text-align-left\" data-align=\"left\"><strong>Acesse o Projeto:<\/strong>  <a href=\"https:\/\/ambfeminista.org.br\/wp-content\/uploads\/2020\/12\/Livro_Capa-e-Miolo_AMB25anos_2020.pdf\">ambfeminista.org.br\/wp-content\/uploads\/2020\/12\/Livro_Capa-e-Miolo_AMB25anos_2020.pdf<\/a><\/td><\/tr><tr><td class=\"has-text-align-left\" data-align=\"left\"><strong>Formato:<\/strong> Enfrentamentos \u00e0 viol\u00eancia contras as mulheres: racismo; viola\u00e7\u00f5es de direitos das mulheres ind\u00edgena; maior incid\u00eancia feminista nas pol\u00edticas p\u00fablica; reforma do sistema pol\u00edtico.<\/td><\/tr><tr><td class=\"has-text-align-left\" data-align=\"left\"><strong>Descri\u00e7\u00e3o:<\/strong><br><br>Nos \u00faltimos 28 anos, v\u00e1rias a\u00e7\u00f5es da AMB foram realizadas pelo fim da viol\u00eancia contras as mulheres; contra o racismo e as viola\u00e7\u00f5es de direitos das mulheres ind\u00edgenas; pela maior incid\u00eancia feminista nas pol\u00edticas p\u00fablica; em favor da reforma do sistema pol\u00edtico e por um jeito alternativo de fazer pol\u00edtica. Com destaque para as seguintes iniciativas:<br>(1) Marcha das Margaridas (2000, 2003, 2007, 2011, 2015 e 2019): ocorre a cada 4 anos em Bras\u00edlia (DF). A\u00e7\u00e3o estrat\u00e9gica das mulheres do campo e da floresta para conquistar visibilidade, reconhecimento social e pol\u00edtico e cidadania plena. Surgiu com o objetivo denunciar o projeto neoliberal em curso no Brasil, e apresentar uma pauta de reivindica\u00e7\u00f5es. Na primeira edi\u00e7\u00e3o, reuniu cerca de 20 mil agricultoras, quilombolas, pescadoras, ind\u00edgenas, extrativistas de todo o Brasil. Usando sua marca caracter\u00edstica do movimento: camisetas lil\u00e1s e chap\u00e9us de palha decorados com margaridas. A pr\u00f3xima est\u00e1 prevista para 2023. O nome do movimento \u00e9 uma homenagem \u00e0 paraibana Margarida Maria Alves, assassinada em 12 de agosto de 1983, em frente \u00e0 sua casa, no munic\u00edpio de Alagoa Grande. Era trabalhadora rural, sindicalista e defensora dos direitos humanos.<br>(2) \u201cO Desafio Feminista de Monitorar a Cidadania das Mulheres\u201d (2002\/2003): semin\u00e1rio com o objetivo de pensar um processo coletivo e criar um m\u00e9todo para viabilizar esta a\u00e7\u00e3o, contribuindo para a renova\u00e7\u00e3o da a\u00e7\u00e3o feminista pelo fim da viol\u00eancia contra as mulheres, respeitando a diversidade dos estados.<br>(3) Vig\u00edlia pelo Fim da Viol\u00eancia contra as Mulheres (d\u00e9cada de 2000): movimento visando pressionar os governos municipais, estaduais e federal para que implementassem, com mais empenho, pol\u00edticas de enfrentamento \u00e0 viol\u00eancia contra as mulheres.<br>(4) \u201cMulheres Negras \u2013 um retrato da discrimina\u00e7\u00e3o racial no Brasil\u201d (2001): conte\u00fado publicado para mobiliza\u00e7\u00e3o e subs\u00eddio das ativistas que participaram das atividades de prepara\u00e7\u00e3o para a Confer\u00eancia Mundial Contra o Racismo, Discrimina\u00e7\u00e3o Racial, Xenofobia e Formas Correlatas de Intoler\u00e2ncia (ONU, Durban).<br>(5) &#8220;Plataforma Pol\u00edtica feminista&#8221; (2002): Documento elaborado pelas feministas brasileiras em defesa da democracia com justi\u00e7a social e igualdade de g\u00eanero e ra\u00e7a, levantando desafios para a reconstru\u00e7\u00e3o da sociedade e do estado; at\u00e9 hoje uma refer\u00eancia importante ao projeto pol\u00edtico da AMB.<br>(6) \u201cFeminismo Antirracista e a Luta do Feminismo Negro por pol\u00edticas p\u00fablicas\u201d (2006): contribui\u00e7\u00e3o aos debates feministas antirracistas que foram promovidos<br>no m\u00eas de julho em fun\u00e7\u00e3o do Dia Internacional da Mulher Negra Latino-Americana e Caribenha, em diferentes partes do Brasil, apresentando as principais pautas de lutas colocadas pelas mulheres negras na agenda nacional, como o direito das trabalhadoras dom\u00e9sticas, a defesa da pol\u00edtica de cotas e outras pol\u00edticas<br>afirmativas.<br>(7) \u201cSolte seus cabelos e prenda o racismo\u201d (2011): campanha nacional pelo fim da viol\u00eancia contra as mulheres negras, lan\u00e7ada pela AMB em diversas cidades brasileiras. Tendo como objetivo central o racismo simb\u00f3lico e psicol\u00f3gico contra as mulheres negras, focada na valoriza\u00e7\u00e3o do cabelo \u201cnegro\u201d, \u201cafro\u201d, \u201ccrespo\u201d, cuja discrimina\u00e7\u00e3o tem sido uma das formas mais cru\u00e9is do racismo, sofrida pelas mulheres negras desde a inf\u00e2ncia, a campanha extrapolou a milit\u00e2ncia da AMB e ganhou amplitude, sendo utilizada tamb\u00e9m por escolas e organiza\u00e7\u00f5es do movimento de mulheres negras, que difundiram os v\u00eddeos da campanha, que teve continuidade nos anos seguintes.<br>(8) I Marcha das Mulheres Ind\u00edgenas &#8211; \u201cTerrit\u00f3rio: nosso corpo, nosso esp\u00edrito\u201d (2019): movimento marcou a conquista das mulheres pertencentes a diversos povos que lutam para dar visibilidade e voz \u00e0s causas pr\u00f3prias, com destaque para aquelas quest\u00f5es inerentes a todos os povos: territ\u00f3rio, educa\u00e7\u00e3o, sa\u00fade, altos \u00edndices de suic\u00eddio, viol\u00eancia contra as mulheres, mulheres ind\u00edgenas no contexto urbano.<\/td><\/tr><\/tbody><\/table><\/figure>\n<\/div>\n<\/div>\n","protected":false},"excerpt":{"rendered":"<p>3o Setor | Projetos V\u00e1rios projetos e iniciativas Institui\u00e7\u00e3o: AMB Feminista \u2013 Articula\u00e7\u00e3o de Mulheres Brasileiras Acesse o Projeto: ambfeminista.org.br\/wp-content\/uploads\/2020\/12\/Livro_Capa-e-Miolo_AMB25anos_2020.pdf Formato: Enfrentamentos \u00e0 viol\u00eancia contras as mulheres: racismo; viola\u00e7\u00f5es de direitos das mulheres ind\u00edgena; maior incid\u00eancia feminista nas pol\u00edticas p\u00fablica; reforma do sistema pol\u00edtico. Descri\u00e7\u00e3o: Nos \u00faltimos 28 anos, v\u00e1rias a\u00e7\u00f5es da AMB foram realizadas [&hellip;]<\/p>\n","protected":false},"author":2,"featured_media":0,"comment_status":"closed","ping_status":"closed","sticky":false,"template":"","format":"standard","meta":[],"categories":[7],"tags":[],"_links":{"self":[{"href":"https:\/\/academiaolhodehorus.com.br\/index.php\/wp-json\/wp\/v2\/posts\/1260"}],"collection":[{"href":"https:\/\/academiaolhodehorus.com.br\/index.php\/wp-json\/wp\/v2\/posts"}],"about":[{"href":"https:\/\/academiaolhodehorus.com.br\/index.php\/wp-json\/wp\/v2\/types\/post"}],"author":[{"embeddable":true,"href":"https:\/\/academiaolhodehorus.com.br\/index.php\/wp-json\/wp\/v2\/users\/2"}],"replies":[{"embeddable":true,"href":"https:\/\/academiaolhodehorus.com.br\/index.php\/wp-json\/wp\/v2\/comments?post=1260"}],"version-history":[{"count":3,"href":"https:\/\/academiaolhodehorus.com.br\/index.php\/wp-json\/wp\/v2\/posts\/1260\/revisions"}],"predecessor-version":[{"id":1756,"href":"https:\/\/academiaolhodehorus.com.br\/index.php\/wp-json\/wp\/v2\/posts\/1260\/revisions\/1756"}],"wp:attachment":[{"href":"https:\/\/academiaolhodehorus.com.br\/index.php\/wp-json\/wp\/v2\/media?parent=1260"}],"wp:term":[{"taxonomy":"category","embeddable":true,"href":"https:\/\/academiaolhodehorus.com.br\/index.php\/wp-json\/wp\/v2\/categories?post=1260"},{"taxonomy":"post_tag","embeddable":true,"href":"https:\/\/academiaolhodehorus.com.br\/index.php\/wp-json\/wp\/v2\/tags?post=1260"}],"curies":[{"name":"wp","href":"https:\/\/api.w.org\/{rel}","templated":true}]}}