{"id":1274,"date":"2023-07-19T18:11:59","date_gmt":"2023-07-19T18:11:59","guid":{"rendered":"https:\/\/academiaolhodehorus.com.br\/?page_id=1274"},"modified":"2023-07-19T18:11:59","modified_gmt":"2023-07-19T18:11:59","slug":"3o-setor-projetos-feminismo-antirracista-e-a-luta-do-feminismo-negro-por-politicas-publicas","status":"publish","type":"post","link":"https:\/\/academiaolhodehorus.com.br\/index.php\/2023\/07\/19\/3o-setor-projetos-feminismo-antirracista-e-a-luta-do-feminismo-negro-por-politicas-publicas\/","title":{"rendered":"3o Setor | Projetos | Feminismo Antirracista e a Luta do Feminismo Negro por pol\u00edticas p\u00fablicas"},"content":{"rendered":"\n<div class=\"wp-block-group alignfull has-background is-layout-flow\" style=\"background-color:#f2f0e9\">\n<div class=\"wp-block-columns alignwide is-layout-flex wp-container-2\">\n<div class=\"wp-block-column is-layout-flow\" style=\"flex-basis:100%\">\n<p class=\"has-text-align-center has-foreground-color has-text-color\" style=\"font-size:25px;line-height:1.1\"><strong>3o Setor | Projetos<\/strong><\/p>\n<\/div>\n<\/div>\n<\/div>\n\n\n\n<div class=\"wp-block-columns alignfull is-layout-flex wp-container-5\">\n<div class=\"wp-block-column is-layout-flow\">\n<figure class=\"wp-block-table alignwide\" style=\"font-size:16px\"><table style=\"border-width:2px\"><tbody><tr><td class=\"has-text-align-left\" data-align=\"left\"><strong>Feminismo Antirracista e a Luta do Feminismo Negro por pol\u00edticas p\u00fablicas<\/strong><\/td><\/tr><tr><td class=\"has-text-align-left\" data-align=\"left\"><strong>Institui\u00e7\u00e3o: <\/strong>AMB Feminista \u2013 Articula\u00e7\u00e3o de Mulheres Brasileiras<\/td><\/tr><tr><td class=\"has-text-align-left\" data-align=\"left\"><strong>Acesse o Projeto:<\/strong>  <a href=\"https:\/\/ambfeminista.org.br\/wp-content\/uploads\/2020\/12\/Livro_Capa-e-Miolo_AMB25anos_2020.pdf\">ambfeminista.org.br\/wp-content\/uploads\/2020\/12\/Livro_Capa-e-Miolo_AMB25anos_2020.pdf<\/a><\/td><\/tr><tr><td class=\"has-text-align-left\" data-align=\"left\"><strong>Formato:<\/strong> Reivindica\u00e7\u00f5es das mulheres negras brasileiras<\/td><\/tr><tr><td class=\"has-text-align-left\" data-align=\"left\"><strong>Descri\u00e7\u00e3o:<\/strong><br><br>\u201cFeminismo Antirracista e a Luta do Feminismo Negro por pol\u00edticas p\u00fablicas\u201d (2006): contribui\u00e7\u00e3o aos debates feministas antirracistas que foram promovidos<br>no m\u00eas de julho em fun\u00e7\u00e3o do Dia Internacional da Mulher Negra Latino-Americana e Caribenha, em diferentes partes do Brasil, apresentando as principais pautas de lutas colocadas pelas mulheres negras na agenda nacional, como o direito das trabalhadoras dom\u00e9sticas, a defesa da pol\u00edtica de cotas e outras pol\u00edticas<br>afirmativas.<\/td><\/tr><\/tbody><\/table><\/figure>\n<\/div>\n<\/div>\n","protected":false},"excerpt":{"rendered":"<p>3o Setor | Projetos Feminismo Antirracista e a Luta do Feminismo Negro por pol\u00edticas p\u00fablicas Institui\u00e7\u00e3o: AMB Feminista \u2013 Articula\u00e7\u00e3o de Mulheres Brasileiras Acesse o Projeto: ambfeminista.org.br\/wp-content\/uploads\/2020\/12\/Livro_Capa-e-Miolo_AMB25anos_2020.pdf Formato: Reivindica\u00e7\u00f5es das mulheres negras brasileiras Descri\u00e7\u00e3o: \u201cFeminismo Antirracista e a Luta do Feminismo Negro por pol\u00edticas p\u00fablicas\u201d (2006): contribui\u00e7\u00e3o aos debates feministas antirracistas que foram promovidosno m\u00eas [&hellip;]<\/p>\n","protected":false},"author":2,"featured_media":0,"comment_status":"closed","ping_status":"closed","sticky":false,"template":"","format":"standard","meta":[],"categories":[7],"tags":[],"_links":{"self":[{"href":"https:\/\/academiaolhodehorus.com.br\/index.php\/wp-json\/wp\/v2\/posts\/1274"}],"collection":[{"href":"https:\/\/academiaolhodehorus.com.br\/index.php\/wp-json\/wp\/v2\/posts"}],"about":[{"href":"https:\/\/academiaolhodehorus.com.br\/index.php\/wp-json\/wp\/v2\/types\/post"}],"author":[{"embeddable":true,"href":"https:\/\/academiaolhodehorus.com.br\/index.php\/wp-json\/wp\/v2\/users\/2"}],"replies":[{"embeddable":true,"href":"https:\/\/academiaolhodehorus.com.br\/index.php\/wp-json\/wp\/v2\/comments?post=1274"}],"version-history":[{"count":2,"href":"https:\/\/academiaolhodehorus.com.br\/index.php\/wp-json\/wp\/v2\/posts\/1274\/revisions"}],"predecessor-version":[{"id":1657,"href":"https:\/\/academiaolhodehorus.com.br\/index.php\/wp-json\/wp\/v2\/posts\/1274\/revisions\/1657"}],"wp:attachment":[{"href":"https:\/\/academiaolhodehorus.com.br\/index.php\/wp-json\/wp\/v2\/media?parent=1274"}],"wp:term":[{"taxonomy":"category","embeddable":true,"href":"https:\/\/academiaolhodehorus.com.br\/index.php\/wp-json\/wp\/v2\/categories?post=1274"},{"taxonomy":"post_tag","embeddable":true,"href":"https:\/\/academiaolhodehorus.com.br\/index.php\/wp-json\/wp\/v2\/tags?post=1274"}],"curies":[{"name":"wp","href":"https:\/\/api.w.org\/{rel}","templated":true}]}}