{"id":1297,"date":"2023-07-19T18:11:37","date_gmt":"2023-07-19T18:11:37","guid":{"rendered":"https:\/\/academiaolhodehorus.com.br\/?page_id=1297"},"modified":"2023-07-19T18:11:37","modified_gmt":"2023-07-19T18:11:37","slug":"3o-setor-projetos-levante-femininsta-contra-o-feminicidio","status":"publish","type":"post","link":"https:\/\/academiaolhodehorus.com.br\/index.php\/2023\/07\/19\/3o-setor-projetos-levante-femininsta-contra-o-feminicidio\/","title":{"rendered":"3o Setor | Projetos | Levante Femininsta Contra o Feminic\u00eddio"},"content":{"rendered":"\n<div class=\"wp-block-group alignfull has-background is-layout-flow\" style=\"background-color:#f2f0e9\">\n<div class=\"wp-block-columns alignwide is-layout-flex wp-container-2\">\n<div class=\"wp-block-column is-layout-flow\" style=\"flex-basis:100%\">\n<p class=\"has-text-align-center has-foreground-color has-text-color\" style=\"font-size:25px;line-height:1.1\"><strong>3o Setor | Projetos<\/strong><\/p>\n<\/div>\n<\/div>\n<\/div>\n\n\n\n<div class=\"wp-block-columns alignfull is-layout-flex wp-container-5\">\n<div class=\"wp-block-column is-layout-flow\">\n<figure class=\"wp-block-table alignwide\" style=\"font-size:16px\"><table style=\"border-width:2px\"><tbody><tr><td class=\"has-text-align-left\" data-align=\"left\"><strong>Levante Feminista Contra o Feminic\u00eddio<\/strong><\/td><\/tr><tr><td class=\"has-text-align-left\" data-align=\"left\"><strong>Institui\u00e7\u00e3o: <\/strong>RedeH \u2013 Rede de Desenvolvimento Humano e Coletivo<\/td><\/tr><tr><td class=\"has-text-align-left\" data-align=\"left\"><strong>Acesse o Projeto:<\/strong> <a href=\"https:\/\/www.levantefeminista.com.br\/\">https:\/\/www.levantefeminista.com.br\/<\/a><\/td><\/tr><tr><td class=\"has-text-align-left\" data-align=\"left\"><strong>Formato:<\/strong> Manifesto coletivo<\/td><\/tr><tr><td class=\"has-text-align-left\" data-align=\"left\"><strong>Descri\u00e7\u00e3o:<\/strong><br><br>Lan\u00e7ado nacionalmente em 25 de mar\u00e7o de 2021, a campanha Levante Feminista Contra o Feminic\u00eddio \u00e9 uma frente suprapartid\u00e1ria (Integrantes da campanha) formada por movimentos feministas, organiza\u00e7\u00f5es e mulheres diversas que tem como objetivo sensibilizar, mobilizar e denunciar \u00e0 sociedade o aumento dos casos de femicid\u00eddio, o descaso e a omiss\u00e3o do Estado, e ainda exigir medidas efetivas de prote\u00e7\u00e3o \u00e0 vida mulheres. O manifesto constru\u00eddo de forma coletiva e tornado p\u00fablico desde 12 de mar\u00e7o de 2021, denuncia contundentemente exist\u00eancia de uma \u201ccultura de \u00f3dio\u201d direcionada \u00e0s mulheres brasileiras. Centenas de coletivos, articula\u00e7\u00f5es, redes e organiza\u00e7\u00f5es fazem parte dessa mobiliza\u00e7\u00e3o, entre as quais se encontram Redeh e a Articula\u00e7\u00e3o de Mulheres Brasileiras. Em 26 de mar\u00e7o, aconteceu a live de comemora\u00e7\u00e3o do primeiro anivers\u00e1rio da Campanha, cujo lema \u00e9: &#8220;Nem pense em me matar: quem mata uma mulher, mata a humanidade&#8221;. A mensagem afirmativa do movimento foi inspirada no samba O Corpo \u00e9 Meu, composto por Cris Pereira e interpretado pela sambista Fabiana Cozza, integrantes do Levante. A letra da can\u00e7\u00e3o traz a seguinte mensagem: \u201cHouve um dia, que eu at\u00e9 sentia medo | Que voc\u00ea chegasse cedo | Pro meu corpo machucar. | Mas eu virei o tabuleiro | Este jogo, companheiro, | Eu n\u00e3o vou mais aceitar. | Nem Pense Em Me Matar\u201d.<\/td><\/tr><\/tbody><\/table><\/figure>\n<\/div>\n<\/div>\n","protected":false},"excerpt":{"rendered":"<p>3o Setor | Projetos Levante Feminista Contra o Feminic\u00eddio Institui\u00e7\u00e3o: RedeH \u2013 Rede de Desenvolvimento Humano e Coletivo Acesse o Projeto: https:\/\/www.levantefeminista.com.br\/ Formato: Manifesto coletivo Descri\u00e7\u00e3o: Lan\u00e7ado nacionalmente em 25 de mar\u00e7o de 2021, a campanha Levante Feminista Contra o Feminic\u00eddio \u00e9 uma frente suprapartid\u00e1ria (Integrantes da campanha) formada por movimentos feministas, organiza\u00e7\u00f5es e mulheres [&hellip;]<\/p>\n","protected":false},"author":2,"featured_media":0,"comment_status":"closed","ping_status":"closed","sticky":false,"template":"","format":"standard","meta":[],"categories":[7],"tags":[],"_links":{"self":[{"href":"https:\/\/academiaolhodehorus.com.br\/index.php\/wp-json\/wp\/v2\/posts\/1297"}],"collection":[{"href":"https:\/\/academiaolhodehorus.com.br\/index.php\/wp-json\/wp\/v2\/posts"}],"about":[{"href":"https:\/\/academiaolhodehorus.com.br\/index.php\/wp-json\/wp\/v2\/types\/post"}],"author":[{"embeddable":true,"href":"https:\/\/academiaolhodehorus.com.br\/index.php\/wp-json\/wp\/v2\/users\/2"}],"replies":[{"embeddable":true,"href":"https:\/\/academiaolhodehorus.com.br\/index.php\/wp-json\/wp\/v2\/comments?post=1297"}],"version-history":[{"count":7,"href":"https:\/\/academiaolhodehorus.com.br\/index.php\/wp-json\/wp\/v2\/posts\/1297\/revisions"}],"predecessor-version":[{"id":1673,"href":"https:\/\/academiaolhodehorus.com.br\/index.php\/wp-json\/wp\/v2\/posts\/1297\/revisions\/1673"}],"wp:attachment":[{"href":"https:\/\/academiaolhodehorus.com.br\/index.php\/wp-json\/wp\/v2\/media?parent=1297"}],"wp:term":[{"taxonomy":"category","embeddable":true,"href":"https:\/\/academiaolhodehorus.com.br\/index.php\/wp-json\/wp\/v2\/categories?post=1297"},{"taxonomy":"post_tag","embeddable":true,"href":"https:\/\/academiaolhodehorus.com.br\/index.php\/wp-json\/wp\/v2\/tags?post=1297"}],"curies":[{"name":"wp","href":"https:\/\/api.w.org\/{rel}","templated":true}]}}