{"id":1342,"date":"2023-07-19T17:37:45","date_gmt":"2023-07-19T17:37:45","guid":{"rendered":"https:\/\/academiaolhodehorus.com.br\/?page_id=1342"},"modified":"2023-07-19T17:39:03","modified_gmt":"2023-07-19T17:39:03","slug":"3o-setor-projetos-programa-de-direito-a-vida-e-seguranca-publica","status":"publish","type":"post","link":"https:\/\/academiaolhodehorus.com.br\/index.php\/2023\/07\/19\/3o-setor-projetos-programa-de-direito-a-vida-e-seguranca-publica\/","title":{"rendered":"3o Setor | Projetos | Programa de Direito \u00e0 Vida e Seguran\u00e7a P\u00fablica"},"content":{"rendered":"\n<div class=\"wp-block-group alignfull has-background is-layout-flow\" style=\"background-color:#f2f0e9\">\n<div class=\"wp-block-columns alignwide is-layout-flex wp-container-2\">\n<div class=\"wp-block-column is-layout-flow\" style=\"flex-basis:100%\">\n<p class=\"has-text-align-center has-foreground-color has-text-color\" style=\"font-size:25px;line-height:1.1\"><strong>3o Setor | Projetos<\/strong><\/p>\n<\/div>\n<\/div>\n<\/div>\n\n\n\n<div class=\"wp-block-columns alignfull is-layout-flex wp-container-5\">\n<div class=\"wp-block-column is-layout-flow\">\n<figure class=\"wp-block-table alignwide\" style=\"font-size:16px\"><table style=\"border-width:2px\"><tbody><tr><td class=\"has-text-align-left\" data-align=\"left\"><strong>Programa de Direito \u00e0 Vida e Seguran\u00e7a P\u00fablica<\/strong><\/td><\/tr><tr><td class=\"has-text-align-left\" data-align=\"left\"><strong>Institui\u00e7\u00e3o: <\/strong>Observat\u00f3rio das Favelas<\/td><\/tr><tr><td class=\"has-text-align-left\" data-align=\"left\"><strong>Acesse o Projeto:<\/strong> <br><br><a href=\"https:\/\/observatoriodefavelas.org.br\/cenas-delas1\/\"><\/a><a href=\"https:\/\/observatoriodefavelas.org.br\/cenas-delas1\/\">Observat\u00f3rio de Favelas (observatoriodefavelas.org.br)<\/a><br>https:\/\/www.youtube.com\/watch?v=HLucrZ2FaCI&amp;t=327s<\/td><\/tr><tr><td class=\"has-text-align-left\" data-align=\"left\"><strong>Formato:<\/strong> Cenas de agress\u00f5es a mulheres<\/td><\/tr><tr><td class=\"has-text-align-left\" data-align=\"left\"><strong>Descri\u00e7\u00e3o:<\/strong><br><br>Fundado em 2001, o Observat\u00f3rio de Favelas \u00e9 uma ONG sediada no Conjunto de Favelas da Mar\u00e9, dedicada \u00e0 produ\u00e7\u00e3o de conhecimento e metodologias. As propostas de interven\u00e7\u00e3o e constru\u00e7\u00f5es solid\u00e1rias formuladas pelo coletivo para a cidade s\u00e3o elaboradas a partir das realidades vivenciadas nas favelas e periferias, de forma que as solu\u00e7\u00f5es consigam impactar pol\u00edticas p\u00fablicas e espelhar modelos alternativos de acesso a direitos e modos de conviv\u00eancias.<br>PROJETO:<br>(1) Cenas Delas: Direitos, Pol\u00edtica e Arte &#8211; atrav\u00e9s do Programa de Direito \u00e0 Vida e Seguran\u00e7a P\u00fablica, realizou a chamada p\u00fablica \u201cCenas DELAS\u201d, voltada ao incentivo de trabalhos art\u00edsticos produzidos por mulheres. O objetivo da iniciativa foi apoiar a produ\u00e7\u00e3o de cinco trabalhos em po\u00e9ticas audiovisuais que tenham como foco uma das tem\u00e1ticas centrais do Programa de Direito \u00e0 Vida e Seguran\u00e7a P\u00fablica: a viol\u00eancia (letal e n\u00e3o letal) contra mulheres. A \u201cCenas DELAS\u201d visibilizou produ\u00e7\u00f5es art\u00edsticas que priorizaram a sensibiliza\u00e7\u00e3o em torno do tema da viol\u00eancia de g\u00eanero, da letalidade feminina e da afirma\u00e7\u00e3o do direito \u00e0 vida das mulheres, a partir da interface com diversos marcadores sociais como g\u00eanero, sexualidade, ra\u00e7a, classe social e territ\u00f3rio. O V\u00eddeo resultado da chamada p\u00fablica Cenas DELAS tem dura\u00e7ao de quase sete minutos. Sem som, exibe cenas impactantes de acesso p\u00fablico, nas quais mulheres s\u00e3o agredidas com tapas, empurr\u00f5es, socos e chutes. Simultaneamente com cada quadro, legendas contendo dados estat\u00edsticos informam os n\u00fameros sobre a vol\u00eancia contra a mulher. Investindo tamb\u00e9m na criatividade art\u00edstica, a produ\u00e7\u00e3o confere dramaticidades \u00e0s imagens para denunciar e construir um manifesto contra a viol\u00eancia de g\u00eanero.<\/td><\/tr><\/tbody><\/table><\/figure>\n<\/div>\n<\/div>\n","protected":false},"excerpt":{"rendered":"<p>3o Setor | Projetos Programa de Direito \u00e0 Vida e Seguran\u00e7a P\u00fablica Institui\u00e7\u00e3o: Observat\u00f3rio das Favelas Acesse o Projeto: Observat\u00f3rio de Favelas (observatoriodefavelas.org.br)https:\/\/www.youtube.com\/watch?v=HLucrZ2FaCI&amp;t=327s Formato: Cenas de agress\u00f5es a mulheres Descri\u00e7\u00e3o: Fundado em 2001, o Observat\u00f3rio de Favelas \u00e9 uma ONG sediada no Conjunto de Favelas da Mar\u00e9, dedicada \u00e0 produ\u00e7\u00e3o de conhecimento e metodologias. As [&hellip;]<\/p>\n","protected":false},"author":2,"featured_media":0,"comment_status":"closed","ping_status":"closed","sticky":false,"template":"","format":"standard","meta":[],"categories":[7],"tags":[],"_links":{"self":[{"href":"https:\/\/academiaolhodehorus.com.br\/index.php\/wp-json\/wp\/v2\/posts\/1342"}],"collection":[{"href":"https:\/\/academiaolhodehorus.com.br\/index.php\/wp-json\/wp\/v2\/posts"}],"about":[{"href":"https:\/\/academiaolhodehorus.com.br\/index.php\/wp-json\/wp\/v2\/types\/post"}],"author":[{"embeddable":true,"href":"https:\/\/academiaolhodehorus.com.br\/index.php\/wp-json\/wp\/v2\/users\/2"}],"replies":[{"embeddable":true,"href":"https:\/\/academiaolhodehorus.com.br\/index.php\/wp-json\/wp\/v2\/comments?post=1342"}],"version-history":[{"count":7,"href":"https:\/\/academiaolhodehorus.com.br\/index.php\/wp-json\/wp\/v2\/posts\/1342\/revisions"}],"predecessor-version":[{"id":1733,"href":"https:\/\/academiaolhodehorus.com.br\/index.php\/wp-json\/wp\/v2\/posts\/1342\/revisions\/1733"}],"wp:attachment":[{"href":"https:\/\/academiaolhodehorus.com.br\/index.php\/wp-json\/wp\/v2\/media?parent=1342"}],"wp:term":[{"taxonomy":"category","embeddable":true,"href":"https:\/\/academiaolhodehorus.com.br\/index.php\/wp-json\/wp\/v2\/categories?post=1342"},{"taxonomy":"post_tag","embeddable":true,"href":"https:\/\/academiaolhodehorus.com.br\/index.php\/wp-json\/wp\/v2\/tags?post=1342"}],"curies":[{"name":"wp","href":"https:\/\/api.w.org\/{rel}","templated":true}]}}