{"id":1389,"date":"2023-07-19T18:11:37","date_gmt":"2023-07-19T18:11:37","guid":{"rendered":"https:\/\/academiaolhodehorus.com.br\/?page_id=1389"},"modified":"2023-07-19T18:11:37","modified_gmt":"2023-07-19T18:11:37","slug":"3o-setor-projetos-fundo-nami-marielle-franco","status":"publish","type":"post","link":"https:\/\/academiaolhodehorus.com.br\/index.php\/2023\/07\/19\/3o-setor-projetos-fundo-nami-marielle-franco\/","title":{"rendered":"3o Setor | Projetos | Fundo NAMI Marielle Franco"},"content":{"rendered":"\n<div class=\"wp-block-group alignfull has-background is-layout-flow\" style=\"background-color:#f2f0e9\">\n<div class=\"wp-block-columns alignwide is-layout-flex wp-container-2\">\n<div class=\"wp-block-column is-layout-flow\" style=\"flex-basis:100%\">\n<p class=\"has-text-align-center has-foreground-color has-text-color\" style=\"font-size:25px;line-height:1.1\"><strong>3o Setor | Projetos<\/strong><\/p>\n<\/div>\n<\/div>\n<\/div>\n\n\n\n<div class=\"wp-block-columns alignfull is-layout-flex wp-container-5\">\n<div class=\"wp-block-column is-layout-flow\">\n<figure class=\"wp-block-table alignwide\" style=\"font-size:16px\"><table style=\"border-width:2px\"><tbody><tr><td class=\"has-text-align-left\" data-align=\"left\"><strong>Fundo NAMI Marielle Franco<\/strong><\/td><\/tr><tr><td class=\"has-text-align-left\" data-align=\"left\"><strong>Institui\u00e7\u00e3o: <\/strong>Nami Rede Feminista de Arte Urbana<\/td><\/tr><tr><td class=\"has-text-align-left\" data-align=\"left\"><strong>Acesse o Projeto:<\/strong> <a href=\"https:\/\/redenami.com\/fundo-nami\/?doing_wp_cron=1673629345.1266689300537109375000\">https:\/\/redenami.com\/fundo-nami\/?doing_wp_cron=1673629345.1266689300537109375000<\/a><\/td><\/tr><tr><td class=\"has-text-align-left\" data-align=\"left\"><strong>Formato:<\/strong> Solicita\u00e7\u00f5es de materiais de pintura<\/td><\/tr><tr><td class=\"has-text-align-left\" data-align=\"left\"><strong>Descri\u00e7\u00e3o:<\/strong><br><br>A Rede NAMI \u00e9 uma organiza\u00e7\u00e3o sem fins lucrativos que, desde 2010, tem como objetivo o uso da arte como ve\u00edculo de transforma\u00e7\u00e3o social, promovemos atrav\u00e9s de projetos os direitos das mulheres, negros, povos origin\u00e1rios, pessoas LGBTQIAP+ e pessoas com defici\u00eancia. A Rede j\u00e1 investiu em mais de 9 mil mulheres. A organiza\u00e7\u00e3o surgiu pela iniciativa de sua fundadora, a artista Panmela Castro, com o objetivo de contribuir para o fim da viol\u00eancia contra a mulher e estimular o protagonismo delas nas artes.<br>PROJETO<br>O Fundo NAMI recebe solicita\u00e7\u00f5es de materiais de pintura com o objetivo de estimular a\u00e7\u00f5es a partir das pautas defendidas por Marielle Franco, e tamb\u00e9m do plano de a\u00e7\u00e3o global da ONU, que re\u00fane 17 Objetivos de Desenvolvimento Sustent\u00e1vel (ODS) para erradicar a pobreza e promover vida digna a todos, dentro das condi\u00e7\u00f5es que o nosso planeta oferece e sem comprometer a qualidade de vida das pr\u00f3ximas gera\u00e7\u00f5es. O Fundo NAMI foi criado para impulsionar o protagonismo de mulheres cis negras, pessoas LGBTQIAP+ e mulheres com defici\u00eancia, que buscam mudan\u00e7as socioculturais e ambientais, dando passos importantes para a erradica\u00e7\u00e3o do machismo, da misoginia, das LGBTQIAP+fobias, do preconceito \u00e9tnico-racial e social. Ap\u00f3s o assassinato de Marielle Franco e Anderson Gomes (14\/03\/2018), para dar visibilidade \u00e0s pautas de direitos Humanos de Marielle e manter sua mem\u00f3ria, a NAMI renomeou o projeto para Fundo NAMI Marielle Franco.<\/td><\/tr><\/tbody><\/table><\/figure>\n<\/div>\n<\/div>\n","protected":false},"excerpt":{"rendered":"<p>3o Setor | Projetos Fundo NAMI Marielle Franco Institui\u00e7\u00e3o: Nami Rede Feminista de Arte Urbana Acesse o Projeto: https:\/\/redenami.com\/fundo-nami\/?doing_wp_cron=1673629345.1266689300537109375000 Formato: Solicita\u00e7\u00f5es de materiais de pintura Descri\u00e7\u00e3o: A Rede NAMI \u00e9 uma organiza\u00e7\u00e3o sem fins lucrativos que, desde 2010, tem como objetivo o uso da arte como ve\u00edculo de transforma\u00e7\u00e3o social, promovemos atrav\u00e9s de projetos os [&hellip;]<\/p>\n","protected":false},"author":2,"featured_media":0,"comment_status":"closed","ping_status":"closed","sticky":false,"template":"","format":"standard","meta":[],"categories":[7],"tags":[],"_links":{"self":[{"href":"https:\/\/academiaolhodehorus.com.br\/index.php\/wp-json\/wp\/v2\/posts\/1389"}],"collection":[{"href":"https:\/\/academiaolhodehorus.com.br\/index.php\/wp-json\/wp\/v2\/posts"}],"about":[{"href":"https:\/\/academiaolhodehorus.com.br\/index.php\/wp-json\/wp\/v2\/types\/post"}],"author":[{"embeddable":true,"href":"https:\/\/academiaolhodehorus.com.br\/index.php\/wp-json\/wp\/v2\/users\/2"}],"replies":[{"embeddable":true,"href":"https:\/\/academiaolhodehorus.com.br\/index.php\/wp-json\/wp\/v2\/comments?post=1389"}],"version-history":[{"count":4,"href":"https:\/\/academiaolhodehorus.com.br\/index.php\/wp-json\/wp\/v2\/posts\/1389\/revisions"}],"predecessor-version":[{"id":1663,"href":"https:\/\/academiaolhodehorus.com.br\/index.php\/wp-json\/wp\/v2\/posts\/1389\/revisions\/1663"}],"wp:attachment":[{"href":"https:\/\/academiaolhodehorus.com.br\/index.php\/wp-json\/wp\/v2\/media?parent=1389"}],"wp:term":[{"taxonomy":"category","embeddable":true,"href":"https:\/\/academiaolhodehorus.com.br\/index.php\/wp-json\/wp\/v2\/categories?post=1389"},{"taxonomy":"post_tag","embeddable":true,"href":"https:\/\/academiaolhodehorus.com.br\/index.php\/wp-json\/wp\/v2\/tags?post=1389"}],"curies":[{"name":"wp","href":"https:\/\/api.w.org\/{rel}","templated":true}]}}