{"id":1401,"date":"2023-07-19T18:11:37","date_gmt":"2023-07-19T18:11:37","guid":{"rendered":"https:\/\/academiaolhodehorus.com.br\/?page_id=1401"},"modified":"2023-08-24T17:22:06","modified_gmt":"2023-08-24T17:22:06","slug":"3o-setor-projetos-mapa-do-acolhimento","status":"publish","type":"post","link":"https:\/\/academiaolhodehorus.com.br\/index.php\/2023\/07\/19\/3o-setor-projetos-mapa-do-acolhimento\/","title":{"rendered":"3o Setor | Projetos | Mapa do Acolhimento"},"content":{"rendered":"\n<div class=\"wp-block-group alignfull has-background is-layout-flow\" style=\"background-color:#f2f0e9\">\n<div class=\"wp-block-columns alignwide is-layout-flex wp-container-2\">\n<div class=\"wp-block-column is-layout-flow\" style=\"flex-basis:100%\">\n<p class=\"has-text-align-center has-foreground-color has-text-color\" style=\"font-size:25px;line-height:1.1\"><strong>3o Setor | Projetos<\/strong><\/p>\n<\/div>\n<\/div>\n<\/div>\n\n\n\n<div class=\"wp-block-columns alignfull is-layout-flex wp-container-5\">\n<div class=\"wp-block-column is-layout-flow\">\n<figure class=\"wp-block-table alignwide\" style=\"font-size:16px\"><table style=\"border-width:2px\"><tbody><tr><td class=\"has-text-align-left\" data-align=\"left\"><strong>Mapa do Acolhimento<\/strong><\/td><\/tr><tr><td class=\"has-text-align-left\" data-align=\"left\"><strong>Institui\u00e7\u00e3o: <\/strong>Nossas Cidades<\/td><\/tr><tr><td class=\"has-text-align-left\" data-align=\"left\"><strong>Acesse o Projeto:<\/strong> <a href=\"https:\/\/www.mapadoacolhimento.org\/\" target=\"_blank\" rel=\"noreferrer noopener\">https:\/\/www.mapadoacolhimento.org\/<\/a><\/td><\/tr><tr><td class=\"has-text-align-left\" data-align=\"left\"><strong>Formato:<\/strong> Ativismo democr\u00e1tico contra a viol\u00eancia de g\u00eanero<\/td><\/tr><tr><td class=\"has-text-align-left\" data-align=\"left\"><strong>Descri\u00e7\u00e3o:<\/strong><br><br>Organiza\u00e7\u00e3o sem fins lucrativos comprometida com o fortalecimento da democracia, da justi\u00e7a social e da igualdade, de alcance nacional e local. Atrav\u00e9s da Rede Nossas Cidades, a institui\u00e7\u00e3o desenvolve, h\u00e1 mais de 10 anos, projetos, t\u00e1ticas e estrat\u00e9gias de mobiliza\u00e7\u00e3o e solidariedade, de Norte ao Sul do Brasil. A NOSSAS nasceu em 2011 (com o Meu Rio, uma organiza\u00e7\u00e3o multicausas que aproxima os cariocas da pol\u00edtica local) e funciona nos 26 estados brasileiros, al\u00e9m do DF, com uma equipe fixa contratada para garantir o acolhimento r\u00e1pido e eficaz das mulheres que precisam. Por esssa raz\u00e3o, realiza financiamentos coletivos com frequ\u00eancia para manter seus projetos ativos (com a crise do Corona V\u00edrus, perdeu muitos apoiadores mensais).<br>PROJETO<br>&#8220;Nenhuma mulher deve sofrer viol\u00eancia sozinha&#8221;. Com esse slogan, a NOSSAS procura sensibilizar volunt\u00e1rias atrav\u00e9s de seu site na internet e redes sociais, conectando-as a v\u00edtimas (mulheres cis, trans e travestis de baixa renda em todo o Brasil, a partir de 18 anos) de viol\u00eancia de g\u00eanero que precisam de psic\u00f3logas e advogadas. Este servi\u00e7o de &#8220;Escuta Ativa&#8221;, de acordo com a institui\u00e7\u00e3o, \u00e9 &#8220;parte essencial do acolhimento&#8221;, embora n\u00e3o configure terapia nem aconselhamento, por\u00e9m &#8220;uma maneira solid\u00e1ria de administrar o di\u00e1logo&#8221;, de forma a ajudar a v\u00edtima a restaurar um la\u00e7o de confian\u00e7a, na medida em que ela se sinta compreendida e respeitada. &#8220;Uma boa escuta \u00e9 uma demonstra\u00e7\u00e3o ativa de que a pessoa que fala est\u00e1, de fato, sendo ouvida&#8221;, explica uma postagem da entidade em sua conta no Facebook, onde o NOSSAS apresenta o impacto de suas a\u00e7\u00f5es, em 2022, atrav\u00e9s de n\u00fameros: 3,9 mil pedidos de ajuda atendidos; 547 volunt\u00e1rias cadastradas; 150 mil pessoas mobilizadas pelos direitos das mulheres.<\/td><\/tr><\/tbody><\/table><\/figure>\n<\/div>\n<\/div>\n\n\n\n<p class=\"has-text-align-right\"><strong><a href=\"https:\/\/academiaolhodehorus.com.br\/\">voltar \u2192<\/a><\/strong><\/p>\n","protected":false},"excerpt":{"rendered":"<p>3o Setor | Projetos Mapa do Acolhimento Institui\u00e7\u00e3o: Nossas Cidades Acesse o Projeto: https:\/\/www.mapadoacolhimento.org\/ Formato: Ativismo democr\u00e1tico contra a viol\u00eancia de g\u00eanero Descri\u00e7\u00e3o: Organiza\u00e7\u00e3o sem fins lucrativos comprometida com o fortalecimento da democracia, da justi\u00e7a social e da igualdade, de alcance nacional e local. Atrav\u00e9s da Rede Nossas Cidades, a institui\u00e7\u00e3o desenvolve, h\u00e1 mais de [&hellip;]<\/p>\n","protected":false},"author":2,"featured_media":0,"comment_status":"closed","ping_status":"closed","sticky":false,"template":"","format":"standard","meta":[],"categories":[7],"tags":[],"_links":{"self":[{"href":"https:\/\/academiaolhodehorus.com.br\/index.php\/wp-json\/wp\/v2\/posts\/1401"}],"collection":[{"href":"https:\/\/academiaolhodehorus.com.br\/index.php\/wp-json\/wp\/v2\/posts"}],"about":[{"href":"https:\/\/academiaolhodehorus.com.br\/index.php\/wp-json\/wp\/v2\/types\/post"}],"author":[{"embeddable":true,"href":"https:\/\/academiaolhodehorus.com.br\/index.php\/wp-json\/wp\/v2\/users\/2"}],"replies":[{"embeddable":true,"href":"https:\/\/academiaolhodehorus.com.br\/index.php\/wp-json\/wp\/v2\/comments?post=1401"}],"version-history":[{"count":5,"href":"https:\/\/academiaolhodehorus.com.br\/index.php\/wp-json\/wp\/v2\/posts\/1401\/revisions"}],"predecessor-version":[{"id":2320,"href":"https:\/\/academiaolhodehorus.com.br\/index.php\/wp-json\/wp\/v2\/posts\/1401\/revisions\/2320"}],"wp:attachment":[{"href":"https:\/\/academiaolhodehorus.com.br\/index.php\/wp-json\/wp\/v2\/media?parent=1401"}],"wp:term":[{"taxonomy":"category","embeddable":true,"href":"https:\/\/academiaolhodehorus.com.br\/index.php\/wp-json\/wp\/v2\/categories?post=1401"},{"taxonomy":"post_tag","embeddable":true,"href":"https:\/\/academiaolhodehorus.com.br\/index.php\/wp-json\/wp\/v2\/tags?post=1401"}],"curies":[{"name":"wp","href":"https:\/\/api.w.org\/{rel}","templated":true}]}}