{"id":484,"date":"2023-07-18T18:02:32","date_gmt":"2023-07-18T18:02:32","guid":{"rendered":"https:\/\/academiaolhodehorus.com.br\/?page_id=484"},"modified":"2023-07-18T21:00:27","modified_gmt":"2023-07-18T21:00:27","slug":"3o-setor-instituicoes-agende","status":"publish","type":"post","link":"https:\/\/academiaolhodehorus.com.br\/index.php\/2023\/07\/18\/3o-setor-instituicoes-agende\/","title":{"rendered":"3o Setor | Institui\u00e7\u00f5es | Agende"},"content":{"rendered":"\n<div class=\"wp-block-group alignfull has-background is-layout-flow\" style=\"background-color:#f2f0e9\">\n<div class=\"wp-block-columns alignwide is-layout-flex wp-container-2\">\n<div class=\"wp-block-column is-layout-flow\" style=\"flex-basis:100%\">\n<p class=\"has-text-align-center has-foreground-color has-text-color\" style=\"font-size:25px;line-height:1.1\"><strong>3o Setor | Institui\u00e7\u00f5es<\/strong><\/p>\n<\/div>\n<\/div>\n<\/div>\n\n\n\n<div class=\"wp-block-columns alignfull is-layout-flex wp-container-5\">\n<div class=\"wp-block-column is-layout-flow\">\n<figure class=\"wp-block-table alignwide\" style=\"font-size:16px\"><table style=\"border-width:2px\"><tbody><tr><td class=\"has-text-align-left\" data-align=\"left\"><strong>Agende<\/strong><\/td><\/tr><tr><td class=\"has-text-align-left\" data-align=\"left\"><strong>Site Oficial: <\/strong><\/td><\/tr><tr><td class=\"has-text-align-left\" data-align=\"left\"><strong>Descri\u00e7\u00e3o\/Trajet\u00f3ria:<\/strong><br><strong> <\/strong><br>A\u00e7\u00f5es em G\u00eanero Cidadania e Desenvolvimento (Agende) \u00e9 uma associa\u00e7\u00e3o feminista privada de defesa de direitos sociais, independente, democr\u00e1tica, pluralista e com finalidade p\u00fablica, criada em 1998. <br>Tem como miss\u00e3o consolidar a perspectiva feminista nas agendas pol\u00edtica e social, visando ao fortalecimento da cidadania e da democracia. <br>A Agende se prop\u00f5e a atuar em todo o territ\u00f3rio brasileiro e tamb\u00e9m na Am\u00e9rica Latina, no sentido de fortalecer a articula\u00e7\u00e3o e a capacidade de a\u00e7\u00e3o das organiza\u00e7\u00f5es de mulheres brasileiras e latino-americanas. <br>Al\u00e9m de monitorar as pol\u00edticas p\u00fablicas, acordos e conven\u00e7\u00f5es internacionais existentes, a ONG cria espa\u00e7os de reflex\u00e3o, socializa\u00e7\u00e3o e troca de experi\u00eancias, para capacitar organiza\u00e7\u00f5es de mulheres e sensibilizar agentes governamentais e formadores de opini\u00e3o sobre o tema de g\u00eanero. Neste contexto, adota as seguintes linhas de atua\u00e7\u00e3o: Advocacy; Articula\u00e7\u00e3o; Assessoria; Pesquisa.<\/td><\/tr><tr><td class=\"has-text-align-left\" data-align=\"left\"><strong>Projetos relacionados:  <\/strong><br><br>Projetos na linhas de atua\u00e7\u00e3o advocacy: campanha mundial pela ratifica\u00e7\u00e3o e uso do Protocolo Facultativo \u00e0 CEDAW (Conven\u00e7\u00e3o sobre a Elimina\u00e7\u00e3o de Todas as Formas de Discrimina\u00e7\u00e3o contra a Mulher), que resultou na ratifica\u00e7\u00e3o do protocolo pelo Brasil, em vigor no pa\u00eds desde 28 de setembro de 2002; e o projeto para garantir a transversalidade de g\u00eanero nas pol\u00edticas p\u00fablicas, que focalizava inicialmente as tem\u00e1ticas pobreza e trabalho-emprego.<br>Projetos na linhas de atua\u00e7\u00e3o articula\u00e7\u00e3o: articula\u00e7\u00e3o s\u00f3lida com organiza\u00e7\u00f5es e redes de mulheres e com a bancada feminina do Congresso Nacional, visando consagrar e fortalecer a conquista da cidadania e dos direitos humanos das mulheres brasileiras e latino-americanas e integrar o Movimento Feminista e de Mulheres como um todo. O di\u00e1logo com esses setores revela problemas e demandas importantes dos dois movimentos.<br>Projetos na linhas de atua\u00e7\u00e3o assessoria: subsidiar organiza\u00e7\u00f5es de mulheres, parlamentares, al\u00e9m de agentes e \u00f3rg\u00e3os governamentais nos processos pol\u00edticos, assessorando e informando sobre as campanhas do Movimento Feminista e de Mulheres, a incorpora\u00e7\u00e3o da perspectiva de g\u00eanero nas pol\u00edticas p\u00fablicas, as proposi\u00e7\u00f5es legislativas e os mecanismos internacionais de prote\u00e7\u00e3o aos direitos das mulheres. <br>Em 2002, a AGENDE assessorou parlamentares da bancada feminina e outros deputados nas vota\u00e7\u00f5es da C\u00e2mara e do Senado sobre o Protocolo Facultativo \u00e0 CEDAW, e tamb\u00e9m atuou junto a ent\u00e3o Secretaria Especial de Pol\u00edticas para as Mulheres (SPM), fornecendo estrat\u00e9gias, metodologias e indicadores de g\u00eanero para o trabalho da transversalidade nas pol\u00edticas p\u00fablicas.<br>Projetos na linhas de atua\u00e7\u00e3o pesquisa: em parceria com o N\u00facleo de Estudos e Pesquisas sobre a Mulher da Universidade de Bras\u00edlia (Nepem\/UnB) e o N\u00facleo de Estudo Interdisciplinar sobre a Mulher da Universidade Federal da Bahia (Neim\/UFBA), a AGENDE realizou pesquisas direcionadas para a interven\u00e7\u00e3o social. Com o Nepem (entre 1999 e 2001), produziram-se trabalhos de monitoramento e avalia\u00e7\u00e3o, a partir do enfoque de g\u00eanero, do acesso aos direitos nas \u00e1reas de sa\u00fade, do trabalho e da seguran\u00e7a p\u00fablica dentro do Projeto A Resolu\u00e7\u00e3o Institucional dos Conflitos: acesso aos direitos humanos das mulheres\u201d. <br>Dispon\u00edvel em: https:\/\/wiser.directory\/organization\/agende-acoes-em-genero-cidadania-e-desenvolvimento<\/td><\/tr><\/tbody><\/table><\/figure>\n<\/div>\n<\/div>\n","protected":false},"excerpt":{"rendered":"<p>3o Setor | Institui\u00e7\u00f5es Agende Site Oficial: Descri\u00e7\u00e3o\/Trajet\u00f3ria: A\u00e7\u00f5es em G\u00eanero Cidadania e Desenvolvimento (Agende) \u00e9 uma associa\u00e7\u00e3o feminista privada de defesa de direitos sociais, independente, democr\u00e1tica, pluralista e com finalidade p\u00fablica, criada em 1998. Tem como miss\u00e3o consolidar a perspectiva feminista nas agendas pol\u00edtica e social, visando ao fortalecimento da cidadania e da democracia. [&hellip;]<\/p>\n","protected":false},"author":2,"featured_media":0,"comment_status":"closed","ping_status":"closed","sticky":false,"template":"","format":"standard","meta":[],"categories":[6],"tags":[],"_links":{"self":[{"href":"https:\/\/academiaolhodehorus.com.br\/index.php\/wp-json\/wp\/v2\/posts\/484"}],"collection":[{"href":"https:\/\/academiaolhodehorus.com.br\/index.php\/wp-json\/wp\/v2\/posts"}],"about":[{"href":"https:\/\/academiaolhodehorus.com.br\/index.php\/wp-json\/wp\/v2\/types\/post"}],"author":[{"embeddable":true,"href":"https:\/\/academiaolhodehorus.com.br\/index.php\/wp-json\/wp\/v2\/users\/2"}],"replies":[{"embeddable":true,"href":"https:\/\/academiaolhodehorus.com.br\/index.php\/wp-json\/wp\/v2\/comments?post=484"}],"version-history":[{"count":3,"href":"https:\/\/academiaolhodehorus.com.br\/index.php\/wp-json\/wp\/v2\/posts\/484\/revisions"}],"predecessor-version":[{"id":1467,"href":"https:\/\/academiaolhodehorus.com.br\/index.php\/wp-json\/wp\/v2\/posts\/484\/revisions\/1467"}],"wp:attachment":[{"href":"https:\/\/academiaolhodehorus.com.br\/index.php\/wp-json\/wp\/v2\/media?parent=484"}],"wp:term":[{"taxonomy":"category","embeddable":true,"href":"https:\/\/academiaolhodehorus.com.br\/index.php\/wp-json\/wp\/v2\/categories?post=484"},{"taxonomy":"post_tag","embeddable":true,"href":"https:\/\/academiaolhodehorus.com.br\/index.php\/wp-json\/wp\/v2\/tags?post=484"}],"curies":[{"name":"wp","href":"https:\/\/api.w.org\/{rel}","templated":true}]}}