{"id":501,"date":"2023-07-18T18:23:31","date_gmt":"2023-07-18T18:23:31","guid":{"rendered":"https:\/\/academiaolhodehorus.com.br\/?page_id=501"},"modified":"2023-08-24T17:18:06","modified_gmt":"2023-08-24T17:18:06","slug":"3o-setor-instituicoes-beleza-escondida","status":"publish","type":"post","link":"https:\/\/academiaolhodehorus.com.br\/index.php\/2023\/07\/18\/3o-setor-instituicoes-beleza-escondida\/","title":{"rendered":"3o Setor | Institui\u00e7\u00f5es | Beleza Escondida"},"content":{"rendered":"\n<div class=\"wp-block-group alignfull has-background is-layout-flow\" style=\"background-color:#f2f0e9\">\n<div class=\"wp-block-columns alignwide is-layout-flex wp-container-2\">\n<div class=\"wp-block-column is-layout-flow\" style=\"flex-basis:100%\">\n<p class=\"has-text-align-center has-foreground-color has-text-color\" style=\"font-size:25px;line-height:1.1\"><strong>3o Setor | Institui\u00e7\u00f5es<\/strong><\/p>\n<\/div>\n<\/div>\n<\/div>\n\n\n\n<div class=\"wp-block-columns alignfull is-layout-flex wp-container-5\">\n<div class=\"wp-block-column is-layout-flow\">\n<figure class=\"wp-block-table alignwide\" style=\"font-size:16px\"><table style=\"border-width:2px\"><tbody><tr><td class=\"has-text-align-left\" data-align=\"left\"><strong>Beleza Escondida<\/strong><\/td><\/tr><tr><td class=\"has-text-align-left\" data-align=\"left\"><strong>Site Oficial: <\/strong><a rel=\"noreferrer noopener\" href=\"https:\/\/www.belezaescondida.com\/be-empresas\" target=\"_blank\">https:\/\/www.belezaescondida.com\/be-empresas<\/a><\/td><\/tr><tr><td class=\"has-text-align-left\" data-align=\"left\"><strong>Descri\u00e7\u00e3o\/Trajet\u00f3ria:<\/strong><br><strong> <\/strong><br>Beleza Escondida \u00e9 uma organiza\u00e7\u00e3o que, atua h\u00e1 22 anos, na prote\u00e7\u00e3o de mulheres v\u00edtimas de viol\u00eancia juntamente com seus filhos atrav\u00e9s de casas protetivas, inser\u00e7\u00e3o no mundo de trabalho, palestras e cursos para empresas na \u00e1rea da supera\u00e7\u00e3o da viol\u00eancia, al\u00e9m de prestar consultoria para prefeituras e incid\u00eancia em pol\u00edticas p\u00fablicas para a expans\u00e3o de casas protetivas pelo Brasil. <br>Atuamos em todo o Brasil, e nossa sede est\u00e1 em Curitiba-PR, onde est\u00e3o localizadas as casas protetivas. Dispon\u00edvel em: https:\/\/www.belezaescondida.com\/. <br>A Beleza Escondida desenvolve os seguintes projetos: <br>(1) Capacita\u00e7\u00e3o: (1.1) Produz material t\u00e9cnico baseado em 20 anos de experi\u00eancia; (1.2) realiza palestras sobre o tema em semin\u00e1rios e oficinas; (1.3) divulga boas pr\u00e1ticas na prote\u00e7\u00e3o de mulheres e crian\u00e7as v\u00edtimas de viol\u00eancia; (1.4) informa tecnicamente sobre o servi\u00e7o de acolhimento conjunto; (1.5) prepara, encaminha, monitora e acompanha mulheres no mercado de trabalho. <br>(2) A\u00e7\u00f5es afirmativas: (2.1) Atende mulheres em situa\u00e7\u00e3o de viol\u00eancia (ou que passaram por) com seus filhos em parceria com prefeituras; (2.2) monitora dados da viol\u00eancia e servi\u00e7os para a mulheres e seus filhos no Brasil; (2.3) participa de Conselhos da Mulher; (2.4) incide em pol\u00edticas p\u00fablicas; (2.5) alerta a sociedade a respeito da viol\u00eancia contra a mulher; (2.6) comunica a necessidade de mais casas protetivas; (2.7) conscientiza atrav\u00e9s das m\u00eddias sociais; (2.8) Orienta sobre o caminho ap\u00f3s a den\u00fancia. <br>(3) Radar de Prote\u00e7\u00e3o: iniciativa conjunta da Beleza Escondida com a Katru (Assessoria em Informa\u00e7\u00e3o). Trata-se de um banco de dados (baseado em dados oficiais) sobre feminic\u00eddios, notifica\u00e7\u00f5es de viol\u00eancias e casas protetivas no Brasil. Dispon\u00edvel em: https:\/\/www.belezaescondida.com\/radar. <br>(4) &#8220;Rosas &amp; Espinhos&#8221;: livro sobre Mulheres que ressignificaram suas hist\u00f3rias. A autora, Alessandra Vidmontas, sofreu viol\u00eancia psicol\u00f3gica e decidiu escreveu o livro, lan\u00e7ado em 28 de abril de 2022. <br>Com o tempo, percebeu que precisava de mais vozes diferentes da dela. Agregou outros nomes ao projeto, que ganhou corpo e se transformou no livro. &#8220;Rosas e Espinhos&#8221; revela a coragem de olhar o sofrimento nos olhos e descobrir o amor pr\u00f3prio, al\u00e9m de saber que todas as mulheres merecem ter um recome\u00e7o! Claudia Leitte, madrinha da Beleza Escondida desde 2019, foi convidada para assinar o pref\u00e1cio do livro e dar mais visibilidade \u00e0 obra e ao tema. <br>Dispon\u00edvel em: https:\/\/www.belezaescondida.com\/rosas-e-espinhos. Dispon\u00edvel em: https:\/\/www.instagram.com\/p\/CcOiVEuD0tm\/. Dispon\u00edvel em: https:\/\/www.uol.com.br\/universa\/noticias\/redacao\/2022\/05\/27\/palavras-eram-piores-do-que-soco-na-cara-diz-vitima-de-abuso-emocional.htm<\/td><\/tr><tr><td class=\"has-text-align-left\" data-align=\"left\"><strong>Projetos relacionados:  <\/strong><br><br>(00) Capacita\u00e7\u00e3o; (00) A\u00e7\u00f5es afirmativas; (00) &#8220;Rosas &amp; Espinhos&#8221;; (00)<\/td><\/tr><\/tbody><\/table><\/figure>\n<\/div>\n<\/div>\n\n\n\n<p class=\"has-text-align-right\"><strong><a href=\"https:\/\/academiaolhodehorus.com.br\/\">voltar \u2192<\/a><\/strong><\/p>\n","protected":false},"excerpt":{"rendered":"<p>3o Setor | Institui\u00e7\u00f5es Beleza Escondida Site Oficial: https:\/\/www.belezaescondida.com\/be-empresas Descri\u00e7\u00e3o\/Trajet\u00f3ria: Beleza Escondida \u00e9 uma organiza\u00e7\u00e3o que, atua h\u00e1 22 anos, na prote\u00e7\u00e3o de mulheres v\u00edtimas de viol\u00eancia juntamente com seus filhos atrav\u00e9s de casas protetivas, inser\u00e7\u00e3o no mundo de trabalho, palestras e cursos para empresas na \u00e1rea da supera\u00e7\u00e3o da viol\u00eancia, al\u00e9m de prestar consultoria [&hellip;]<\/p>\n","protected":false},"author":2,"featured_media":0,"comment_status":"closed","ping_status":"closed","sticky":false,"template":"","format":"standard","meta":[],"categories":[6],"tags":[],"_links":{"self":[{"href":"https:\/\/academiaolhodehorus.com.br\/index.php\/wp-json\/wp\/v2\/posts\/501"}],"collection":[{"href":"https:\/\/academiaolhodehorus.com.br\/index.php\/wp-json\/wp\/v2\/posts"}],"about":[{"href":"https:\/\/academiaolhodehorus.com.br\/index.php\/wp-json\/wp\/v2\/types\/post"}],"author":[{"embeddable":true,"href":"https:\/\/academiaolhodehorus.com.br\/index.php\/wp-json\/wp\/v2\/users\/2"}],"replies":[{"embeddable":true,"href":"https:\/\/academiaolhodehorus.com.br\/index.php\/wp-json\/wp\/v2\/comments?post=501"}],"version-history":[{"count":6,"href":"https:\/\/academiaolhodehorus.com.br\/index.php\/wp-json\/wp\/v2\/posts\/501\/revisions"}],"predecessor-version":[{"id":2316,"href":"https:\/\/academiaolhodehorus.com.br\/index.php\/wp-json\/wp\/v2\/posts\/501\/revisions\/2316"}],"wp:attachment":[{"href":"https:\/\/academiaolhodehorus.com.br\/index.php\/wp-json\/wp\/v2\/media?parent=501"}],"wp:term":[{"taxonomy":"category","embeddable":true,"href":"https:\/\/academiaolhodehorus.com.br\/index.php\/wp-json\/wp\/v2\/categories?post=501"},{"taxonomy":"post_tag","embeddable":true,"href":"https:\/\/academiaolhodehorus.com.br\/index.php\/wp-json\/wp\/v2\/tags?post=501"}],"curies":[{"name":"wp","href":"https:\/\/api.w.org\/{rel}","templated":true}]}}