{"id":504,"date":"2023-07-18T18:25:02","date_gmt":"2023-07-18T18:25:02","guid":{"rendered":"https:\/\/academiaolhodehorus.com.br\/?page_id=504"},"modified":"2023-07-18T20:59:38","modified_gmt":"2023-07-18T20:59:38","slug":"3o-setor-instituicoes-casa-1","status":"publish","type":"post","link":"https:\/\/academiaolhodehorus.com.br\/index.php\/2023\/07\/18\/3o-setor-instituicoes-casa-1\/","title":{"rendered":"3o Setor | Institui\u00e7\u00f5es | Casa 1"},"content":{"rendered":"\n<div class=\"wp-block-group alignfull has-background is-layout-flow\" style=\"background-color:#f2f0e9\">\n<div class=\"wp-block-columns alignwide is-layout-flex wp-container-2\">\n<div class=\"wp-block-column is-layout-flow\" style=\"flex-basis:100%\">\n<p class=\"has-text-align-center has-foreground-color has-text-color\" style=\"font-size:25px;line-height:1.1\"><strong>3o Setor | Institui\u00e7\u00f5es<\/strong><\/p>\n<\/div>\n<\/div>\n<\/div>\n\n\n\n<div class=\"wp-block-columns alignfull is-layout-flex wp-container-5\">\n<div class=\"wp-block-column is-layout-flow\">\n<figure class=\"wp-block-table alignwide\" style=\"font-size:16px\"><table style=\"border-width:2px\"><tbody><tr><td class=\"has-text-align-left\" data-align=\"left\"><strong>Casa 1<\/strong><\/td><\/tr><tr><td class=\"has-text-align-left\" data-align=\"left\"><strong>Site Oficial: <\/strong><a href=\"https:\/\/www.casaum.org\/institucional\/\">https:\/\/www.casaum.org\/institucional\/<\/a><\/td><\/tr><tr><td class=\"has-text-align-left\" data-align=\"left\"><strong>Descri\u00e7\u00e3o\/Trajet\u00f3ria:<\/strong><br><strong> <\/strong><br>Fundada em 2017, a Casa 1 \u00e9 um projeto de sociedade civil que acolhe jovens LGBT+ entre 18 e 25 anos que foram expulsos de casa pela fam\u00edlia, por causa de suas orienta\u00e7\u00f5es afetivas sexuais e identidade de g\u00eanero. O trabalho corre em paralelo \u00e0s atividades do Centro Cultural (espa\u00e7o de 400m\u00b2, onde s\u00e3o realizadas atividades socioeducativas e atendimento ao p\u00fablico) e da Cl\u00ednica Social (local com 10 salas para atender, individualmente, at\u00e9 120 pacientes por m\u00eas e realizar 40 plant\u00f5es de escuta), com todos os servi\u00e7os ofertados gratuitamente. A resid\u00eancia funciona como casa de passagem para jovens que ficaram sem um teto. Durante o tempo de estadia de quatro meses, s\u00e3o trabalhadas quest\u00f5es de sa\u00fade cl\u00ednica, mental, educa\u00e7\u00e3o e empregabilidade. No total, s\u00e3o ofertadas 20 vagas. Financiado coletivamente via plataforma Benfeitoria (mobiliza\u00e7\u00e3o de valores entre R$ 10,00 e R$ 140,00 para projetos de impacto cultural, social, econ\u00f4mico e ambiental) e doa\u00e7\u00f5es gerais (roupas e objetos) o projeto conta com a\u00e7\u00f5es pontuais de marcas, mas optou por investir constantemente nas doa\u00e7\u00f5es de pessoas f\u00edsicas, para poder estabelecer uma pol\u00edtica de atendimento sem amarras. Dispon\u00edvel em: https:\/\/www.casaum.org\/institucional\/. Entre as v\u00e1rias iniciativas empreendidas pela Casa 1, merece destaque o Escuta Candidata, projeto de enfrentamento \u00e0s desigualdades de representa\u00e7\u00e3o de mulheres na pol\u00edtica institucional pelo eixo do cuidado e da sa\u00fade mental, em especial de mulheres negras (de todas as identidades de g\u00eanero e orienta\u00e7\u00f5es afetivo-sexuais) e mulheres LBTI+ (de todas as ra\u00e7as\/etnias). O trabalho foi desenvolvido durante as elei\u00e7\u00f5es de 2020, sob a coordena\u00e7\u00e3o da Cl\u00ednica Social Casa. Em novembro de 2021, o Casa 1 divulgou o relat\u00f3rio final do projeto. Algumas conclus\u00f5es a respeito da problem\u00e1tica da viol\u00eancia pol\u00edtica s\u00e3o relevantes para entender o relat\u00f3rio final do Escuta Candidata:<br>1) Devido ao n\u00famero restrito de respostas, n\u00e3o se pode estabelecer muitas correla\u00e7\u00f5es entre as informa\u00e7\u00f5es. Por\u00e9m, as conclus\u00f5es servem como indicativos que apontam quest\u00f5es que precisam investiga\u00e7\u00e3o mais ampla e sistem\u00e1tica.<br>2) Obteve-se 49 question\u00e1rios v\u00e1lidos respondidos que totalizam 63% das mulheres atendidas pelo projeto. A maioria dos atendimentos foram realizados com mulheres negras (pretas e pardas), que compreenderam 63% das respondentes, majoritariamente mulheres cisg\u00eaneras. Delas, 59% relataram ter sofrido algum tipo de viol\u00eancia dentro do partido e 78% relataram algum tipo de viol\u00eancia durante a campanha.<br>3) Nas descri\u00e7\u00f5es realizadas pelas respondentes, a viol\u00eancia de g\u00eanero aparece, mesmo que n\u00e3o nomeada dessa forma, na maioria dos relatos.<br>4) Na quest\u00e3o com op\u00e7\u00f5es descritas de viol\u00eancia para serem selecionadas pelas respondentes, o ac\u00famulo de fun\u00e7\u00f5es na campanha (74%), coment\u00e1rios depreciativos por serem mulheres (68%), ataques virtuais, ac\u00famulo de trabalho dom\u00e9stico e de cuidado durante a campanha (50%) e desigualdade de recursos com rela\u00e7\u00e3o a outros candidatos (42%), foram as viol\u00eancias mais apontadas pelas respondentes.<br>5) Ainda quando as respondentes assinalaram n\u00e3o sofrer viol\u00eancia durante a campanha, ao menos uma das alternativas de tipos de viol\u00eancia foi escolhida. Isso indica que as situa\u00e7\u00f5es descritas talvez n\u00e3o fossem reconhecidas por elas como viol\u00eancia.<br>6) O processo de reconhecimento e nomea\u00e7\u00e3o das viol\u00eancias foi tamb\u00e9m indicado nos relatos das psic\u00f3logas como fator importante nos espa\u00e7os de escuta. Dispon\u00edvel em: https:\/\/www.casaum.org\/relatorio-escutacandidata\/.<\/td><\/tr><tr><td class=\"has-text-align-left\" data-align=\"left\"><strong>Projetos relacionados:  <\/strong><br><br>Projeto Escuta Candidata.<\/td><\/tr><\/tbody><\/table><\/figure>\n<\/div>\n<\/div>\n","protected":false},"excerpt":{"rendered":"<p>3o Setor | Institui\u00e7\u00f5es Casa 1 Site Oficial: https:\/\/www.casaum.org\/institucional\/ Descri\u00e7\u00e3o\/Trajet\u00f3ria: Fundada em 2017, a Casa 1 \u00e9 um projeto de sociedade civil que acolhe jovens LGBT+ entre 18 e 25 anos que foram expulsos de casa pela fam\u00edlia, por causa de suas orienta\u00e7\u00f5es afetivas sexuais e identidade de g\u00eanero. O trabalho corre em paralelo \u00e0s [&hellip;]<\/p>\n","protected":false},"author":2,"featured_media":0,"comment_status":"closed","ping_status":"closed","sticky":false,"template":"","format":"standard","meta":[],"categories":[6],"tags":[],"_links":{"self":[{"href":"https:\/\/academiaolhodehorus.com.br\/index.php\/wp-json\/wp\/v2\/posts\/504"}],"collection":[{"href":"https:\/\/academiaolhodehorus.com.br\/index.php\/wp-json\/wp\/v2\/posts"}],"about":[{"href":"https:\/\/academiaolhodehorus.com.br\/index.php\/wp-json\/wp\/v2\/types\/post"}],"author":[{"embeddable":true,"href":"https:\/\/academiaolhodehorus.com.br\/index.php\/wp-json\/wp\/v2\/users\/2"}],"replies":[{"embeddable":true,"href":"https:\/\/academiaolhodehorus.com.br\/index.php\/wp-json\/wp\/v2\/comments?post=504"}],"version-history":[{"count":4,"href":"https:\/\/academiaolhodehorus.com.br\/index.php\/wp-json\/wp\/v2\/posts\/504\/revisions"}],"predecessor-version":[{"id":1473,"href":"https:\/\/academiaolhodehorus.com.br\/index.php\/wp-json\/wp\/v2\/posts\/504\/revisions\/1473"}],"wp:attachment":[{"href":"https:\/\/academiaolhodehorus.com.br\/index.php\/wp-json\/wp\/v2\/media?parent=504"}],"wp:term":[{"taxonomy":"category","embeddable":true,"href":"https:\/\/academiaolhodehorus.com.br\/index.php\/wp-json\/wp\/v2\/categories?post=504"},{"taxonomy":"post_tag","embeddable":true,"href":"https:\/\/academiaolhodehorus.com.br\/index.php\/wp-json\/wp\/v2\/tags?post=504"}],"curies":[{"name":"wp","href":"https:\/\/api.w.org\/{rel}","templated":true}]}}