{"id":525,"date":"2023-07-18T18:27:51","date_gmt":"2023-07-18T18:27:51","guid":{"rendered":"https:\/\/academiaolhodehorus.com.br\/?page_id=525"},"modified":"2023-07-18T20:59:16","modified_gmt":"2023-07-18T20:59:16","slug":"3o-setor-instituicoes-cladem","status":"publish","type":"post","link":"https:\/\/academiaolhodehorus.com.br\/index.php\/2023\/07\/18\/3o-setor-instituicoes-cladem\/","title":{"rendered":"3o Setor | Institui\u00e7\u00f5es | CLADEM"},"content":{"rendered":"\n<div class=\"wp-block-group alignfull has-background is-layout-flow\" style=\"background-color:#f2f0e9\">\n<div class=\"wp-block-columns alignwide is-layout-flex wp-container-2\">\n<div class=\"wp-block-column is-layout-flow\" style=\"flex-basis:100%\">\n<p class=\"has-text-align-center has-foreground-color has-text-color\" style=\"font-size:25px;line-height:1.1\"><strong>3o Setor | Institui\u00e7\u00f5es<\/strong><\/p>\n<\/div>\n<\/div>\n<\/div>\n\n\n\n<div class=\"wp-block-columns alignfull is-layout-flex wp-container-5\">\n<div class=\"wp-block-column is-layout-flow\">\n<figure class=\"wp-block-table alignwide\" style=\"font-size:16px\"><table style=\"border-width:2px\"><tbody><tr><td class=\"has-text-align-left\" data-align=\"left\"><strong>Cladem<\/strong><\/td><\/tr><tr><td class=\"has-text-align-left\" data-align=\"left\"><strong>Site Oficial: <\/strong><a href=\"https:\/\/cladem.org.br\/\">https:\/\/cladem.org\/<\/a><\/td><\/tr><tr><td class=\"has-text-align-left\" data-align=\"left\"><strong>Descri\u00e7\u00e3o\/Trajet\u00f3ria:<\/strong><br><strong> <\/strong><br>O Comit\u00ea Latino-Americano e do Caribe para a Defesa dos Direitos da Mulher (Cladem) \u00e9 uma rede integrada de mulheres e organiza\u00e7\u00f5es, unidas a partir de uma abordagem sociojur\u00eddica feminista que reconhece a diversidade cultural, \u00e9tnico-racial, sexual, intergeracional e social. O pano de fundo para o surgimento do Cladem remonta \u00e0 III Confer\u00eancia Mundial das Na\u00e7\u00f5es Unidas sobre a Mulher (Nairobi, 1985), quando se decidiu articular estrat\u00e9gias regionalmente, tendo em vista que os problemas das mulheres eram semelhantes. O Comit\u00ea est\u00e1 presente en 15 pa\u00edses latino-americanos e do Caribe. A saber: Argentina; Bolivia; Brasil; Colombia; El Salvador; Guatemala; Nicaragua; Honduras; M\u00e9xico; Panam\u00e1; Paraguay; Per\u00fa; Puerto Rico; Rep\u00fablica Dominicana; Uruguay. Em 1989, o Cladem estabeleceu dois v\u00ednculos no Brasil: Silvia Pimentel e Ayala Rocha. Na assembleia de 1992, o Brasil \u00e9 designado como pa\u00eds membro do segundo Comit\u00ea de Gest\u00e3o de Decis\u00f5es. A partir de 1994, o Brasil passou a funcionar de acordo com duas grandes \u00e1reas geogr\u00e1ficas, com um respons\u00e1vel por cada \u00e1rea: Zona Norte-Centro: Silvia Pimentel e Zona Sul: Denise Dourado (Themis). Em 1995, foi criado o Cladem Brasil. A coordena\u00e7\u00e3o brasileira encontra-se atualmente em Bras\u00edlia, Joinville e S\u00e3o Paulo, porque \u00e9 uma coordena\u00e7\u00e3o compartilhada. Por\u00e9m, desde 1992 o Cladem atua em diferentes atividades no Brasil para a promo\u00e7\u00e3o dos direitos humanos das mulheres, reunindo, al\u00e9m de colaboradoras individuais, as associa\u00e7\u00f5es Themis, IPE e o Instituto Ant\u00edgona, que tamb\u00e9m representam o Cladem Brasil. Junto com outras institui\u00e7\u00f5es, o Cladem levou o caso Maria da Penha (Caso 12.051) \u00e0 Comiss\u00e3o Interamericana de Direitos Humanos (OEA), estrat\u00e9gia fundamental para alcan\u00e7ar a elabora\u00e7\u00e3o e aprova\u00e7\u00e3o da Lei Maria da Penha. O Cladem\/IPE e o Themis fizeram parte do Cons\u00f3rcio de Organiza\u00e7\u00f5es N\u00e3o Governamentais (ONGs), juristas, feministas e especialistas respons\u00e1veis pela elabora\u00e7\u00e3o do projeto de lei que deu origem \u00e0 Lei Maria da Penha. Principais a\u00e7\u00f5es de 2021 &#8211; (1) Comunicado: As organiza\u00e7\u00f5es Cladem, Cejil (Centro pela Justi\u00e7a e o Direito Internacional) e o Instituto Maria da Penha solicitaram, em setembro de 2020, uma audi\u00eancia na Comiss\u00e3o Interamericana de Direitos Humanos (CIDH) da Organiza\u00e7\u00e3o dos Estados Americanos (OEA) para tratar do segmento do caso Maria da Penha, onde apresentaram um relat\u00f3rio demonstrando que parte das recomenda\u00e7\u00f5es feitas pela Comiss\u00e3o n\u00e3o foram totalmente cumpridas pelo Estado brasileiro. (2) O Projeto de Lei 5.435\/2020, do senador Eduardo Gir\u00e3o (Podemos \/CE), com relatoria da senadora Simone Tebet (MDB\/MS), foi chamado de &#8220;Estatuto da Gestante&#8221;; por\u00e9m sua finalidade \u00e9 defender a vida e os direitos fundamentais de meninas e mulheres no campo da sexualidade e reprodu\u00e7\u00e3o. A an\u00e1lise jur\u00eddico-social do projeto permite identificar viola\u00e7\u00f5es de princ\u00edpios e direitos de diversas ordens &#8211; n\u00e3o convencionais, inconstitucionais e ilegais -, que t\u00eam consequ\u00eancias sociais e geram injusti\u00e7as, portanto, incompat\u00edveis com o Estado Democr\u00e1tico de Direito, segundo os argumentos do Cladem Brasil. (3) Ebook \u201cExperi\u00eancias, dificuldades e desafios: retratos dos servi\u00e7os de aborto legal no Brasil em tempos de Covid-19\u201d &#8211; O livro re\u00fane nove artigos de profissionais e pesquisadoras\/es. Os textos trazem relatos sobre o cen\u00e1rio dos desafios impostos pela pandemia, somado ao conservadorismo do atual governo de extrema direita no Brasil, e \u00e0s dificuldades hist\u00f3ricas de acesso ao aborto legal no pa\u00eds.<\/td><\/tr><tr><td class=\"has-text-align-left\" data-align=\"left\"><strong>Projetos relacionados:  <\/strong><br><br>As organiza\u00e7\u00f5es Cladem, Cejil e o Instituto Maria da Penha solicitaram, em setembro de 2020, uma audi\u00eancia (com apresenta\u00e7\u00e3o de relat\u00f3rio) na CIDH\/OEA para tratar do segmento do caso Maria da Penha; (00) Projeto de Lei 5.435\/2020 (Estatuto da Gestante)&#8221; possibilita identificar viola\u00e7\u00f5es de princ\u00edpios e direitos (n\u00e3o convencionais, inconstitucionais e ilegais) incompat\u00edveis com o Estado Democr\u00e1tico de Direito; (00) Ebook \u201cExperi\u00eancias, dificuldades e desafios: retratos dos servi\u00e7os de aborto legal no Brasil em tempos de Covid-19\u201d &#8211; O livro re\u00fane nove artigos de profissionais e pesquisadoras\/es, traze com relatos sobre os desafios impostos pela pandemia.<\/td><\/tr><\/tbody><\/table><\/figure>\n<\/div>\n<\/div>\n","protected":false},"excerpt":{"rendered":"<p>3o Setor | Institui\u00e7\u00f5es Cladem Site Oficial: https:\/\/cladem.org\/ Descri\u00e7\u00e3o\/Trajet\u00f3ria: O Comit\u00ea Latino-Americano e do Caribe para a Defesa dos Direitos da Mulher (Cladem) \u00e9 uma rede integrada de mulheres e organiza\u00e7\u00f5es, unidas a partir de uma abordagem sociojur\u00eddica feminista que reconhece a diversidade cultural, \u00e9tnico-racial, sexual, intergeracional e social. O pano de fundo para o [&hellip;]<\/p>\n","protected":false},"author":2,"featured_media":0,"comment_status":"closed","ping_status":"closed","sticky":false,"template":"","format":"standard","meta":[],"categories":[6],"tags":[],"_links":{"self":[{"href":"https:\/\/academiaolhodehorus.com.br\/index.php\/wp-json\/wp\/v2\/posts\/525"}],"collection":[{"href":"https:\/\/academiaolhodehorus.com.br\/index.php\/wp-json\/wp\/v2\/posts"}],"about":[{"href":"https:\/\/academiaolhodehorus.com.br\/index.php\/wp-json\/wp\/v2\/types\/post"}],"author":[{"embeddable":true,"href":"https:\/\/academiaolhodehorus.com.br\/index.php\/wp-json\/wp\/v2\/users\/2"}],"replies":[{"embeddable":true,"href":"https:\/\/academiaolhodehorus.com.br\/index.php\/wp-json\/wp\/v2\/comments?post=525"}],"version-history":[{"count":2,"href":"https:\/\/academiaolhodehorus.com.br\/index.php\/wp-json\/wp\/v2\/posts\/525\/revisions"}],"predecessor-version":[{"id":1476,"href":"https:\/\/academiaolhodehorus.com.br\/index.php\/wp-json\/wp\/v2\/posts\/525\/revisions\/1476"}],"wp:attachment":[{"href":"https:\/\/academiaolhodehorus.com.br\/index.php\/wp-json\/wp\/v2\/media?parent=525"}],"wp:term":[{"taxonomy":"category","embeddable":true,"href":"https:\/\/academiaolhodehorus.com.br\/index.php\/wp-json\/wp\/v2\/categories?post=525"},{"taxonomy":"post_tag","embeddable":true,"href":"https:\/\/academiaolhodehorus.com.br\/index.php\/wp-json\/wp\/v2\/tags?post=525"}],"curies":[{"name":"wp","href":"https:\/\/api.w.org\/{rel}","templated":true}]}}