{"id":532,"date":"2023-07-18T19:38:55","date_gmt":"2023-07-18T19:38:55","guid":{"rendered":"https:\/\/academiaolhodehorus.com.br\/?page_id=532"},"modified":"2023-07-18T20:52:12","modified_gmt":"2023-07-18T20:52:12","slug":"3o-setor-instituicoes-favela-da-paz","status":"publish","type":"post","link":"https:\/\/academiaolhodehorus.com.br\/index.php\/2023\/07\/18\/3o-setor-instituicoes-favela-da-paz\/","title":{"rendered":"3o Setor | Institui\u00e7\u00f5es |Favela da Paz"},"content":{"rendered":"\n<div class=\"wp-block-group alignfull has-background is-layout-flow\" style=\"background-color:#f2f0e9\">\n<div class=\"wp-block-columns alignwide is-layout-flex wp-container-2\">\n<div class=\"wp-block-column is-layout-flow\" style=\"flex-basis:100%\">\n<p class=\"has-text-align-center has-foreground-color has-text-color\" style=\"font-size:25px;line-height:1.1\"><strong>3o Setor | Institui\u00e7\u00f5es<\/strong><\/p>\n<\/div>\n<\/div>\n<\/div>\n\n\n\n<div class=\"wp-block-columns alignfull is-layout-flex wp-container-5\">\n<div class=\"wp-block-column is-layout-flow\">\n<figure class=\"wp-block-table alignwide\" style=\"font-size:16px\"><table style=\"border-width:2px\"><tbody><tr><td class=\"has-text-align-left\" data-align=\"left\"><strong>Favela da Paz<\/strong><\/td><\/tr><tr><td class=\"has-text-align-left\" data-align=\"left\"><strong>Site Oficial: <\/strong><a href=\"https:\/\/institutofaveladapaz.com\/\">https:\/\/institutofaveladapaz.com\/<\/a><\/td><\/tr><tr><td class=\"has-text-align-left\" data-align=\"left\"><strong>Descri\u00e7\u00e3o\/Trajet\u00f3ria:<\/strong><br><strong> <\/strong><br>O Instituto Favela da Paz \u00e9 um guarda-chuva que abriga diversas iniciativas e coletivos, desde alimenta\u00e7\u00e3o saud\u00e1vel, arte, cultura, sustentabilidade, at\u00e9 sa\u00fade, bem estar e educa\u00e7\u00e3o. Oficializada em 21\/01\/2011, a associa\u00e7\u00e3o privada sem fins lucrativos \u00e9 resultado de uma experi\u00eancia internacional de seu fundador, Cl\u00e1udio Miranda de Moura, depois de conhecer o Centro de Investiga\u00e7\u00e3o e Educa\u00e7\u00e3o para a Paz de Tamera, em Portugal. O Instituto Favela da Paz nasceu para dar continuidade ao trabalho social que Cl\u00e1udio e seu irm\u00e3o, F\u00e1bio Miranda de Moura, come\u00e7aram em 1989, quando passaram a receber amigos na resid\u00eancia do Jardim \u00c2ngela (S\u00e3o Paulo), para fazer m\u00fasica a partir de latas de lixo, metal e baldes, al\u00e9m de um pequeno est\u00fadio de grava\u00e7\u00e3o (70% feitos tamb\u00e9m com material reaproveitado). Desses encontros surgiu o Poesia Samba Soul, grupo que Cl\u00e1udio e F\u00e1bio lan\u00e7aram para superar, com arte, a viol\u00eancia que ent\u00e3o imperava naquele bairro paulistano nos anos 1980. \u201cFaz\u00edamos m\u00fasica para abrir espa\u00e7o de confian\u00e7a e conversas. Come\u00e7amos a dar aulas e, depois de produzirmos muita gente na comunidade, percebemos que \u00e9ramos agentes de transforma\u00e7\u00f5es\u201d, concordam os irm\u00e3os Cl\u00e1udio e F\u00e1bio. Entre os projetos desenvolvidos pelo Instituto Favela da Paz, desta-se o &#8220;C\u00edrculo de Amor e Cura&#8221;, sess\u00f5es de terapia comunit\u00e1ria idealizada e mediadas pela psic\u00f3loga do instituto e l\u00edder comunit\u00e1ria Monica Miranda, irm\u00e3 de Cl\u00e1udio e F\u00e1bio.<\/td><\/tr><tr><td class=\"has-text-align-left\" data-align=\"left\"><strong>Projetos relacionados:  <\/strong><br><br>(1)&#8221;C\u00edrculo de Amor e Cura&#8221;: &#8220;C\u00edrculo de Amor e Cura&#8221;, idealizado pela psic\u00f3loga do instituto e l\u00edder comunit\u00e1ria Monica Miranda, irm\u00e3 de Cl\u00e1udio e F\u00e1bio. Desde 2017, ela coordena reuni\u00f5es que ap\u00f3iam mulheres com demandas ligadas a relacionamentos abusivos e viol\u00eancia no lar. As sess\u00f5es de terapia comunit\u00e1ria despertaram nas participantes um processo de cura (inclusive para os homens), al\u00e9m da consci\u00eancia para as &#8220;disfuncionalidades&#8221; do machismo e do patriarcado que geram o abuso e a viol\u00eancia no mundo. Durante as reuni\u00f5es s\u00e3o abordados assuntos ligados ao universo feminino: empreendedorismo, sa\u00fade da mulher, autonomia feminina, Espiritualidade e diretos da mulher. Os encontros acontecem uma vez por semana no formato h\u00edbrido (online e presencial no instituto Favela da Paz). Uma vez por m\u00eas \u00e9 promovida uma jornada que re\u00fane mulheres de diversas comunidades e realidades sociais para troca de saberes e experi\u00eancias. &#8220;Sonhamos e nos movimentamos para construir uma nova forma de relacionamento com base no respeito, na transpar\u00eancia, na parceria. Na coopera\u00e7\u00e3o e uni\u00e3o do feminino e masculino&#8221;, explica Monica Miranda, idealizadora e mediadora do projeto.<\/td><\/tr><\/tbody><\/table><\/figure>\n<\/div>\n<\/div>\n","protected":false},"excerpt":{"rendered":"<p>3o Setor | Institui\u00e7\u00f5es Favela da Paz Site Oficial: https:\/\/institutofaveladapaz.com\/ Descri\u00e7\u00e3o\/Trajet\u00f3ria: O Instituto Favela da Paz \u00e9 um guarda-chuva que abriga diversas iniciativas e coletivos, desde alimenta\u00e7\u00e3o saud\u00e1vel, arte, cultura, sustentabilidade, at\u00e9 sa\u00fade, bem estar e educa\u00e7\u00e3o. Oficializada em 21\/01\/2011, a associa\u00e7\u00e3o privada sem fins lucrativos \u00e9 resultado de uma experi\u00eancia internacional de seu fundador, [&hellip;]<\/p>\n","protected":false},"author":2,"featured_media":0,"comment_status":"closed","ping_status":"closed","sticky":false,"template":"","format":"standard","meta":[],"categories":[6],"tags":[],"_links":{"self":[{"href":"https:\/\/academiaolhodehorus.com.br\/index.php\/wp-json\/wp\/v2\/posts\/532"}],"collection":[{"href":"https:\/\/academiaolhodehorus.com.br\/index.php\/wp-json\/wp\/v2\/posts"}],"about":[{"href":"https:\/\/academiaolhodehorus.com.br\/index.php\/wp-json\/wp\/v2\/types\/post"}],"author":[{"embeddable":true,"href":"https:\/\/academiaolhodehorus.com.br\/index.php\/wp-json\/wp\/v2\/users\/2"}],"replies":[{"embeddable":true,"href":"https:\/\/academiaolhodehorus.com.br\/index.php\/wp-json\/wp\/v2\/comments?post=532"}],"version-history":[{"count":5,"href":"https:\/\/academiaolhodehorus.com.br\/index.php\/wp-json\/wp\/v2\/posts\/532\/revisions"}],"predecessor-version":[{"id":1547,"href":"https:\/\/academiaolhodehorus.com.br\/index.php\/wp-json\/wp\/v2\/posts\/532\/revisions\/1547"}],"wp:attachment":[{"href":"https:\/\/academiaolhodehorus.com.br\/index.php\/wp-json\/wp\/v2\/media?parent=532"}],"wp:term":[{"taxonomy":"category","embeddable":true,"href":"https:\/\/academiaolhodehorus.com.br\/index.php\/wp-json\/wp\/v2\/categories?post=532"},{"taxonomy":"post_tag","embeddable":true,"href":"https:\/\/academiaolhodehorus.com.br\/index.php\/wp-json\/wp\/v2\/tags?post=532"}],"curies":[{"name":"wp","href":"https:\/\/api.w.org\/{rel}","templated":true}]}}