{"id":540,"date":"2023-07-18T19:40:45","date_gmt":"2023-07-18T19:40:45","guid":{"rendered":"https:\/\/academiaolhodehorus.com.br\/?page_id=540"},"modified":"2023-07-18T20:51:54","modified_gmt":"2023-07-18T20:51:54","slug":"3o-setor-instituicoes-fundacao-ford-the-ford-foundation","status":"publish","type":"post","link":"https:\/\/academiaolhodehorus.com.br\/index.php\/2023\/07\/18\/3o-setor-instituicoes-fundacao-ford-the-ford-foundation\/","title":{"rendered":"3o Setor | Institui\u00e7\u00f5es |FUNDA\u00c7\u00c3O FORD &#8211; THE FORD FOUNDATION"},"content":{"rendered":"\n<div class=\"wp-block-group alignfull has-background is-layout-flow\" style=\"background-color:#f2f0e9\">\n<div class=\"wp-block-columns alignwide is-layout-flex wp-container-2\">\n<div class=\"wp-block-column is-layout-flow\" style=\"flex-basis:100%\">\n<p class=\"has-text-align-center has-foreground-color has-text-color\" style=\"font-size:25px;line-height:1.1\"><strong>3o Setor | Institui\u00e7\u00f5es<\/strong><\/p>\n<\/div>\n<\/div>\n<\/div>\n\n\n\n<div class=\"wp-block-columns alignfull is-layout-flex wp-container-5\">\n<div class=\"wp-block-column is-layout-flow\">\n<figure class=\"wp-block-table alignwide\" style=\"font-size:16px\"><table style=\"border-width:2px\"><tbody><tr><td class=\"has-text-align-left\" data-align=\"left\"><strong>Funda\u00e7\u00e3o Ford &#8211; The Ford Foundation<\/strong><\/td><\/tr><tr><td class=\"has-text-align-left\" data-align=\"left\"><strong>Site Oficial: <\/strong><a href=\"https:\/\/www.fordfoundation.org\/about\/about-ford\/our-origins\/\">https:\/\/www.fordfoundation.org\/about\/about-ford\/our-origins\/<\/a><\/td><\/tr><tr><td class=\"has-text-align-left\" data-align=\"left\"><strong>Descri\u00e7\u00e3o\/Trajet\u00f3ria:<\/strong><br><strong> <\/strong><br>Em 1936, Edsel Ford \u2013 filho de Henry Ford, criador da Ford Motor Company \u2013 deu in\u00edcio \u00e0 Funda\u00e7\u00e3o Ford com uma doa\u00e7\u00e3o de US$ 25 mil. Como a carta de funda\u00e7\u00e3o afirmava que os recursos deveriam ser usados para \u201cfins cient\u00edficos, educacionais e de caridade, tudo para o bem-estar p\u00fablico\u201d, a institui\u00e7\u00e3o fez doa\u00e7\u00f5es para v\u00e1rios tipos de organiza\u00e7\u00f5es.<br>Depois que Edsel e Henry Ford morreram, em meados da d\u00e9cada de 1940, seus legados transformaram a funda\u00e7\u00e3o na maior filantropia do mundo. Henry Ford II, o filho mais velho de Edsel, assumiu a lideran\u00e7a da funda\u00e7\u00e3o. Ford II e o conselho de administra\u00e7\u00e3o encomendaram um painel azul, liderado por H. Rowan Gaither, para explorar como a funda\u00e7\u00e3o poderia usar melhor seus recursos.<br>O Comit\u00ea de Estudo Gaither de sete membros recomendou que a Funda\u00e7\u00e3o Ford se tornasse uma filantropia internacional dedicada ao avan\u00e7o do bem-estar humano atrav\u00e9s da redu\u00e7\u00e3o da pobreza e da promo\u00e7\u00e3o de valores democr\u00e1ticos, paz e oportunidades educacionais. Em 1949, os curadores aprovaram por unanimidade as ambiciosas recomenda\u00e7\u00f5es do painel. Nas d\u00e9cadas seguintes, Henry Ford II supervisionou a transforma\u00e7\u00e3o de uma funda\u00e7\u00e3o local de Detroit para uma organiza\u00e7\u00e3o nacional e internacional. Aposentou-se como administrador em 1976.<br>A Funda\u00e7\u00e3o Ford \u00e9 uma organiza\u00e7\u00e3o independente, liderada por um conselho de curadores de 16 membros vindos de quatro continentes. Todos esses profissionais trazem lideran\u00e7a e experi\u00eancia em uma ampla gama de disciplinas, sendo encarregados de administrar US$ 16 bilh\u00f5es e destinando US$ 500 milh\u00f5es em doa\u00e7\u00f5es pelo mundo, anualmente.<br>Desde 2013, a Funda\u00e7\u00e3o Ford \u00e9 liderada pelo ex-advogado e banqueiro de investimentos Darren Walker (sulista da Louisiania, nascido em um hospital de caridade em 1959; foi uma das primeiras crian\u00e7as do pa\u00eds a se beneficiar, em 1965, do Programa Head Start, executado at\u00e9 hoje pelo Departamento de Sa\u00fade e Servi\u00e7os Humanos dos Estados Unidos, que oferece servi\u00e7os abrangentes de educa\u00e7\u00e3o infantil, sa\u00fade, nutri\u00e7\u00e3o e envolvimento dos pais para crian\u00e7as e fam\u00edlias de baixa renda). Walker \u00e9 o 10\u00ba presidente da Funda\u00e7\u00e3o Ford que, junho de 2020, se tornou a primeira institui\u00e7\u00e3o filantr\u00f3pica na hist\u00f3ria dos EUA a emitir um t\u00edtulo social de US$ 1 bilh\u00e3o para estabilizar organiza\u00e7\u00f5es sem fins lucrativos ap\u00f3s a pandemia do Covid-19. Em outubro de 2021, Walker anunciou que a Funda\u00e7\u00e3o Ford desaplicaria seus investimentos a partir de combust\u00edveis f\u00f3sseis e buscaria oportunidades em energias alternativas e renov\u00e1veis; incluindo fundos que ap\u00f3iam a transi\u00e7\u00e3o para uma economia verde.<br>JUSTI\u00c7A DE G\u00caNERO, RACIAL E \u00c9TNICA<br>A Funda\u00e7\u00e3o Ford acredita que a justi\u00e7a de g\u00eanero e a justi\u00e7a reprodutiva s\u00e3o fundamentais para proporcionar a igualdade entre pessoas. Sendo fundamental que as mulheres d\u00eaem \u00e0 luz com seguran\u00e7a e possam criar filhos em um ambiente saud\u00e1vel e pr\u00f3spero. A Funda\u00e7\u00e3o Ford tamb\u00e9m trabalha para a elimina\u00e7\u00e3o da discrimina\u00e7\u00e3o baseada em g\u00eanero nos cuidados de sa\u00fade, no local de trabalho e nas comunidades em geral, apoiando organiza\u00e7\u00f5es que constroem o poder das mulheres e das pessoas que n\u00e3o est\u00e3o em conformidade com o g\u00eanero. Dispon\u00edvel em: https:\/\/www.fordfoundation.org\/work\/challenging-inequality\/gender-racial-and-ethnic-justice\/reproductive-and-gender-justice\/<br>FUNDA\u00c7\u00c3O FORD NO BRASIL<br>A Funda\u00e7\u00e3o Ford iniciou efetivamente suas atividades no Brasil a partir de outubro de 1962, quando abriu seu escrit\u00f3rio ao p\u00fablico no munic\u00edpio do Rio de Janeiro, em um edif\u00edcio na avenida Franklin Roosevelt, no centro da cidade. Entretanto, funcionando em instala\u00e7\u00f5es provis\u00f3rias em quartos de hot\u00e9is desde 1960, a entidade filatr\u00f3pica j\u00e1 concedia suas primeiras doa\u00e7\u00f5es a universidades p\u00fablicas e institui\u00e7\u00f5es do governo brasileiro, embora n\u00e3o dispusesse de uma sede ou um corpo administrativo permanente.<br>Ao completar 60 anos (em 2022) no Brasil, a organiza\u00e7\u00e3o n\u00e3o-governamental e independente refor\u00e7a o compromisso de &#8220;realizar mudan\u00e7as duradouras que transformem a vida das pessoas&#8221;. Especialmente afro-brasileiros e povos ind\u00edgenas que, apesar de constitu\u00edrem a maioria da popula\u00e7\u00e3o, enfrentam desvantagens em todos os aspectos, na constata\u00e7\u00e3o da Funda\u00e7\u00e3o Ford. Por meio das doa\u00e7\u00f5es, a Funda\u00e7\u00e3o apoia pensadores, lideran\u00e7as e organiza\u00e7\u00f5es inovadores que trabalham para reduzir a pobreza e a injusti\u00e7a; al\u00e9m de promover valores democr\u00e1ticos, a liberdade de express\u00e3o e a realiza\u00e7\u00e3o humana. Em todos os projetos s\u00e3o avaliadas as estrat\u00e9gias de longo prazo, porque, segundo a ONG, &#8220;mudan\u00e7as sociais duradouras exigem d\u00e9cadas de esfor\u00e7os&#8221;. O Escrit\u00f3rio da Funda\u00e7\u00e3o Ford do Rio de Janeiro concede doa\u00e7\u00f5es para todo o Brasil, com foco espec\u00edfico na Regi\u00e3o Amaz\u00f4nica. A entidade filatr\u00f3pica tamb\u00e9m ap\u00f3ia projetos de pesquisa relacionados \u00e0 discrimina\u00e7\u00e3o \u00e9tnica e racial. Os financiamentos da Funda\u00e7\u00e3o Ford contemplam tr\u00eas classes de programas: (1) Engajamento C\u00edvico e Governo; (2) Justi\u00e7a de G\u00eanero, Racial e \u00c9tnica; (3) Recursos Naturais e Mudan\u00e7as Clim\u00e1ticas.<br>Focada nesses tr\u00eas eixos, em 2021, a Funda\u00e7\u00e3o Ford anunciou R$ 49 milh\u00f5es para projetos de apoio a mulheres negras em contexto de viol\u00eancia e para a defesa de ind\u00edgenas e quilombolas. De acordo com o diretor da Funda\u00e7\u00e3o Ford no Brasil, Atila Roque, esses tr\u00eas grupos voltaram a ser impactados com maior intensidade pela fome e pela inseguran\u00e7a alimentar, &#8220;express\u00f5es extremas da exclus\u00e3o social e da desiguldade que acompanha a hist\u00f3ria do Brasil em diferentes momentos&#8221;, afirmou Roque, durante um programa de entrevistas (CNN Nosso Mundo) brasileiro, em 10\/12\/2021, ao responder perguntas sobre &#8220;O poder do voluntariado em tempos de crise&#8221;.<br>Dispon\u00edvel em: https:\/\/www.fordfoundation.org\/our-work-around-the-world\/brazil\/<br>Dispon\u00edvel em: https:\/\/prosas.com.br\/editais\/90-ford-foundation-grants<br>Dispon\u00edvel em: https:\/\/youtu.be\/r3KrVRUJu1U?t=1185<\/td><\/tr><tr><td class=\"has-text-align-left\" data-align=\"left\"><strong>Projetos relacionados:  <\/strong><br><br>Programa Cont\u00ednuo de Financiamento e Apoio a Projetos (Cepia; Instituto Patr\u00edcia Galv\u00e3o; Geled\u00e9s)<\/td><\/tr><\/tbody><\/table><\/figure>\n<\/div>\n<\/div>\n","protected":false},"excerpt":{"rendered":"<p>3o Setor | Institui\u00e7\u00f5es Funda\u00e7\u00e3o Ford &#8211; The Ford Foundation Site Oficial: https:\/\/www.fordfoundation.org\/about\/about-ford\/our-origins\/ Descri\u00e7\u00e3o\/Trajet\u00f3ria: Em 1936, Edsel Ford \u2013 filho de Henry Ford, criador da Ford Motor Company \u2013 deu in\u00edcio \u00e0 Funda\u00e7\u00e3o Ford com uma doa\u00e7\u00e3o de US$ 25 mil. Como a carta de funda\u00e7\u00e3o afirmava que os recursos deveriam ser usados para \u201cfins [&hellip;]<\/p>\n","protected":false},"author":2,"featured_media":0,"comment_status":"closed","ping_status":"closed","sticky":false,"template":"","format":"standard","meta":[],"categories":[6],"tags":[],"_links":{"self":[{"href":"https:\/\/academiaolhodehorus.com.br\/index.php\/wp-json\/wp\/v2\/posts\/540"}],"collection":[{"href":"https:\/\/academiaolhodehorus.com.br\/index.php\/wp-json\/wp\/v2\/posts"}],"about":[{"href":"https:\/\/academiaolhodehorus.com.br\/index.php\/wp-json\/wp\/v2\/types\/post"}],"author":[{"embeddable":true,"href":"https:\/\/academiaolhodehorus.com.br\/index.php\/wp-json\/wp\/v2\/users\/2"}],"replies":[{"embeddable":true,"href":"https:\/\/academiaolhodehorus.com.br\/index.php\/wp-json\/wp\/v2\/comments?post=540"}],"version-history":[{"count":2,"href":"https:\/\/academiaolhodehorus.com.br\/index.php\/wp-json\/wp\/v2\/posts\/540\/revisions"}],"predecessor-version":[{"id":1550,"href":"https:\/\/academiaolhodehorus.com.br\/index.php\/wp-json\/wp\/v2\/posts\/540\/revisions\/1550"}],"wp:attachment":[{"href":"https:\/\/academiaolhodehorus.com.br\/index.php\/wp-json\/wp\/v2\/media?parent=540"}],"wp:term":[{"taxonomy":"category","embeddable":true,"href":"https:\/\/academiaolhodehorus.com.br\/index.php\/wp-json\/wp\/v2\/categories?post=540"},{"taxonomy":"post_tag","embeddable":true,"href":"https:\/\/academiaolhodehorus.com.br\/index.php\/wp-json\/wp\/v2\/tags?post=540"}],"curies":[{"name":"wp","href":"https:\/\/api.w.org\/{rel}","templated":true}]}}