{"id":542,"date":"2023-07-18T19:41:29","date_gmt":"2023-07-18T19:41:29","guid":{"rendered":"https:\/\/academiaolhodehorus.com.br\/?page_id=542"},"modified":"2023-07-18T20:51:46","modified_gmt":"2023-07-18T20:51:46","slug":"3o-setor-instituicoes-fundacao-heinrich-boll","status":"publish","type":"post","link":"https:\/\/academiaolhodehorus.com.br\/index.php\/2023\/07\/18\/3o-setor-instituicoes-fundacao-heinrich-boll\/","title":{"rendered":"3o Setor | Institui\u00e7\u00f5es |Funda\u00e7\u00e3o Heinrich Boll"},"content":{"rendered":"\n<div class=\"wp-block-group alignfull has-background is-layout-flow\" style=\"background-color:#f2f0e9\">\n<div class=\"wp-block-columns alignwide is-layout-flex wp-container-2\">\n<div class=\"wp-block-column is-layout-flow\" style=\"flex-basis:100%\">\n<p class=\"has-text-align-center has-foreground-color has-text-color\" style=\"font-size:25px;line-height:1.1\"><strong>3o Setor | Institui\u00e7\u00f5es<\/strong><\/p>\n<\/div>\n<\/div>\n<\/div>\n\n\n\n<div class=\"wp-block-columns alignfull is-layout-flex wp-container-5\">\n<div class=\"wp-block-column is-layout-flow\">\n<figure class=\"wp-block-table alignwide\" style=\"font-size:16px\"><table style=\"border-width:2px\"><tbody><tr><td class=\"has-text-align-left\" data-align=\"left\"><strong>Funda\u00e7\u00e3o Heinrich Boll<\/strong><\/td><\/tr><tr><td class=\"has-text-align-left\" data-align=\"left\"><strong>Site Oficial: <\/strong>https:\/\/br.boell.org\/pt-br\/o-que-queremos-0<\/td><\/tr><tr><td class=\"has-text-align-left\" data-align=\"left\"><strong>Descri\u00e7\u00e3o\/Trajet\u00f3ria:<\/strong><br><strong> <\/strong><br>A Funda\u00e7\u00e3o Heinrich B\u00f6ll \u00e9 uma organiza\u00e7\u00e3o alem\u00e3 sem fins lucrativos que faz parte da corrente pol\u00edtica verde que se desenvolveu em v\u00e1rias partes do mundo nos anos 1970, como uma resposta \u00e0s tradicionais pol\u00edticas socialista, liberal e conservadora. Assim, Ecologia, sustentabilidade, democracia, direitos humanos, autodetermina\u00e7\u00e3o e justi\u00e7a social s\u00e3o os princ\u00edpios fundamentais da institui\u00e7\u00e3o. Democracia de g\u00eanero \u00e9 tratada com \u00eanfase pela funda\u00e7\u00e3o, no sentido de emancipa\u00e7\u00e3o social e direitos iguais para mulheres e homens. Um dos objetivos centrais da Heinrich B\u00f6ll \u00e9 a exist\u00eancia de uma sociedade civil atuante. O nome da Funda\u00e7\u00e3o \u00e9 uma homenagem ao escritor alem\u00e3o Heinrich B\u00f6ll (1917-1985), vencedor do Pr\u00eamio Nobel de literatura, que personifica os valores com os quais a Funda\u00e7\u00e3o Heinrich B\u00f6ll se identifica: defesa da liberdade, justi\u00e7a, toler\u00e2ncia, engajamento sociopol\u00edtico, debate aberto, valoriza\u00e7\u00e3o da arte e da cultura como esferas independentes de pensamento e a\u00e7\u00e3o. Dentro e fora da Alemanha, a Funda\u00e7\u00e3o busca parcerias estrat\u00e9gicas com aqueles que compartilham os valores da entidade, agindo de forma independente, inclusive com rela\u00e7\u00e3o ao pr\u00f3prio Partido Verde alem\u00e3o. Com sede em Berlim, a Funda\u00e7\u00e3o atua no debate de ideias e no apoio a atividades em 60 pa\u00edses, atrav\u00e9s de 28 escrit\u00f3rios. Em 2000, foi inaugurado o escrit\u00f3rio do Rio de Janeiro como forma de estreitar a coopera\u00e7\u00e3o e intensificar o di\u00e1logo entre pessoas e institui\u00e7\u00f5es do Brasil e da Alemanha.<\/td><\/tr><tr><td class=\"has-text-align-left\" data-align=\"left\"><strong>Projetos relacionados:  <\/strong><br><br><\/td><\/tr><\/tbody><\/table><\/figure>\n<\/div>\n<\/div>\n","protected":false},"excerpt":{"rendered":"<p>3o Setor | Institui\u00e7\u00f5es Funda\u00e7\u00e3o Heinrich Boll Site Oficial: https:\/\/br.boell.org\/pt-br\/o-que-queremos-0 Descri\u00e7\u00e3o\/Trajet\u00f3ria: A Funda\u00e7\u00e3o Heinrich B\u00f6ll \u00e9 uma organiza\u00e7\u00e3o alem\u00e3 sem fins lucrativos que faz parte da corrente pol\u00edtica verde que se desenvolveu em v\u00e1rias partes do mundo nos anos 1970, como uma resposta \u00e0s tradicionais pol\u00edticas socialista, liberal e conservadora. Assim, Ecologia, sustentabilidade, democracia, direitos [&hellip;]<\/p>\n","protected":false},"author":2,"featured_media":0,"comment_status":"closed","ping_status":"closed","sticky":false,"template":"","format":"standard","meta":[],"categories":[6],"tags":[],"_links":{"self":[{"href":"https:\/\/academiaolhodehorus.com.br\/index.php\/wp-json\/wp\/v2\/posts\/542"}],"collection":[{"href":"https:\/\/academiaolhodehorus.com.br\/index.php\/wp-json\/wp\/v2\/posts"}],"about":[{"href":"https:\/\/academiaolhodehorus.com.br\/index.php\/wp-json\/wp\/v2\/types\/post"}],"author":[{"embeddable":true,"href":"https:\/\/academiaolhodehorus.com.br\/index.php\/wp-json\/wp\/v2\/users\/2"}],"replies":[{"embeddable":true,"href":"https:\/\/academiaolhodehorus.com.br\/index.php\/wp-json\/wp\/v2\/comments?post=542"}],"version-history":[{"count":2,"href":"https:\/\/academiaolhodehorus.com.br\/index.php\/wp-json\/wp\/v2\/posts\/542\/revisions"}],"predecessor-version":[{"id":1551,"href":"https:\/\/academiaolhodehorus.com.br\/index.php\/wp-json\/wp\/v2\/posts\/542\/revisions\/1551"}],"wp:attachment":[{"href":"https:\/\/academiaolhodehorus.com.br\/index.php\/wp-json\/wp\/v2\/media?parent=542"}],"wp:term":[{"taxonomy":"category","embeddable":true,"href":"https:\/\/academiaolhodehorus.com.br\/index.php\/wp-json\/wp\/v2\/categories?post=542"},{"taxonomy":"post_tag","embeddable":true,"href":"https:\/\/academiaolhodehorus.com.br\/index.php\/wp-json\/wp\/v2\/tags?post=542"}],"curies":[{"name":"wp","href":"https:\/\/api.w.org\/{rel}","templated":true}]}}