{"id":580,"date":"2023-07-18T18:44:57","date_gmt":"2023-07-18T18:44:57","guid":{"rendered":"https:\/\/academiaolhodehorus.com.br\/?page_id=580"},"modified":"2024-08-23T04:12:09","modified_gmt":"2024-08-23T04:12:09","slug":"3o-setor-instituicoes-instituto-esperanca-garcia","status":"publish","type":"post","link":"https:\/\/academiaolhodehorus.com.br\/index.php\/2023\/07\/18\/3o-setor-instituicoes-instituto-esperanca-garcia\/","title":{"rendered":"3o Setor | Institui\u00e7\u00f5es | Instituto Esperan\u00e7a Garcia"},"content":{"rendered":"\n<div class=\"wp-block-group alignfull has-background is-layout-flow\" style=\"background-color:#f2f0e9\">\n<div class=\"wp-block-columns alignwide is-layout-flex wp-container-2\">\n<div class=\"wp-block-column is-layout-flow\" style=\"flex-basis:100%\">\n<p class=\"has-text-align-center has-foreground-color has-text-color\" style=\"font-size:25px;line-height:1.1\"><strong>3o Setor | Institui\u00e7\u00f5es<\/strong><\/p>\n<\/div>\n<\/div>\n<\/div>\n\n\n\n<div class=\"wp-block-columns alignfull is-layout-flex wp-container-5\">\n<div class=\"wp-block-column is-layout-flow\">\n<figure class=\"wp-block-table alignwide\" style=\"font-size:16px\"><table style=\"border-width:2px\"><tbody><tr><td class=\"has-text-align-left\" data-align=\"left\"><strong>Instituto Esperan\u00e7a Garcia<\/strong><\/td><\/tr><tr><td class=\"has-text-align-left\" data-align=\"left\"><strong>Site Oficial: <\/strong><a href=\"https:\/\/esperancagarcia.org\/\">https:\/\/esperancagarcia.org\/<\/a><\/td><\/tr><tr><td class=\"has-text-align-left\" data-align=\"left\"><strong>Descri\u00e7\u00e3o\/Trajet\u00f3ria:<\/strong><br><strong> <\/strong><br>Reconhecido oficialmente em 2019, o Instituto Esperan\u00e7a Garcia \u00e9 um projeto de educa\u00e7\u00e3o inspirado na hist\u00f3ria de vida da m\u00e3e negra e escravizada que, em setembro de 1770, escreveu uma peti\u00e7\u00e3o ao ent\u00e3o presidente da Prov\u00edncia de S\u00e3o Jos\u00e9 do Piau\u00ed, denunciando maus-tratos e abusos f\u00edsicos contra ela e seu filho, pelo feitor da Fazenda Algod\u00f5es, regi\u00e3o pr\u00f3xima a Oeiras, a 300 quil\u00f4metros da futura capital, Teresina. O documento hist\u00f3rico, s\u00f3 descoberto em 1979, \u00e9 uma das primeiras cartas de direito que se tem not\u00edcia. \u00c9 um s\u00edmbolo de resist\u00eancia e ousadia na luta por direitos no contexto do Brasil escravocrata no s\u00e9culo XVIII \u2013 mais de cem anos antes de o Estado brasileiro reconhec\u00ea-los formalmente. Desde 2016 a associa\u00e7\u00e3o privada desenvolve iniciativas de educa\u00e7\u00e3o em Direitos Humanos. A presidente da ONG \u00e9 Andreia Marreiro.<\/td><\/tr><tr><td class=\"has-text-align-left\" data-align=\"left\"><strong>Projetos relacionados:  <\/strong><br><br>(43)Campanha O seu sil\u00eancio n\u00e3o lhe proteger\u00e1<\/td><\/tr><\/tbody><\/table><\/figure>\n<\/div>\n<\/div>\n","protected":false},"excerpt":{"rendered":"<p>3o Setor | Institui\u00e7\u00f5es Instituto Esperan\u00e7a Garcia Site Oficial: https:\/\/esperancagarcia.org\/ Descri\u00e7\u00e3o\/Trajet\u00f3ria: Reconhecido oficialmente em 2019, o Instituto Esperan\u00e7a Garcia \u00e9 um projeto de educa\u00e7\u00e3o inspirado na hist\u00f3ria de vida da m\u00e3e negra e escravizada que, em setembro de 1770, escreveu uma peti\u00e7\u00e3o ao ent\u00e3o presidente da Prov\u00edncia de S\u00e3o Jos\u00e9 do Piau\u00ed, denunciando maus-tratos e [&hellip;]<\/p>\n","protected":false},"author":2,"featured_media":0,"comment_status":"closed","ping_status":"closed","sticky":false,"template":"","format":"standard","meta":[],"categories":[6],"tags":[],"_links":{"self":[{"href":"https:\/\/academiaolhodehorus.com.br\/index.php\/wp-json\/wp\/v2\/posts\/580"}],"collection":[{"href":"https:\/\/academiaolhodehorus.com.br\/index.php\/wp-json\/wp\/v2\/posts"}],"about":[{"href":"https:\/\/academiaolhodehorus.com.br\/index.php\/wp-json\/wp\/v2\/types\/post"}],"author":[{"embeddable":true,"href":"https:\/\/academiaolhodehorus.com.br\/index.php\/wp-json\/wp\/v2\/users\/2"}],"replies":[{"embeddable":true,"href":"https:\/\/academiaolhodehorus.com.br\/index.php\/wp-json\/wp\/v2\/comments?post=580"}],"version-history":[{"count":3,"href":"https:\/\/academiaolhodehorus.com.br\/index.php\/wp-json\/wp\/v2\/posts\/580\/revisions"}],"predecessor-version":[{"id":2351,"href":"https:\/\/academiaolhodehorus.com.br\/index.php\/wp-json\/wp\/v2\/posts\/580\/revisions\/2351"}],"wp:attachment":[{"href":"https:\/\/academiaolhodehorus.com.br\/index.php\/wp-json\/wp\/v2\/media?parent=580"}],"wp:term":[{"taxonomy":"category","embeddable":true,"href":"https:\/\/academiaolhodehorus.com.br\/index.php\/wp-json\/wp\/v2\/categories?post=580"},{"taxonomy":"post_tag","embeddable":true,"href":"https:\/\/academiaolhodehorus.com.br\/index.php\/wp-json\/wp\/v2\/tags?post=580"}],"curies":[{"name":"wp","href":"https:\/\/api.w.org\/{rel}","templated":true}]}}