{"id":586,"date":"2023-07-18T18:48:51","date_gmt":"2023-07-18T18:48:51","guid":{"rendered":"https:\/\/academiaolhodehorus.com.br\/?page_id=586"},"modified":"2023-07-18T20:57:07","modified_gmt":"2023-07-18T20:57:07","slug":"3o-setor-instituicoes-instituto-marielle-franco","status":"publish","type":"post","link":"https:\/\/academiaolhodehorus.com.br\/index.php\/2023\/07\/18\/3o-setor-instituicoes-instituto-marielle-franco\/","title":{"rendered":"3o Setor | Institui\u00e7\u00f5es | Instituto Marielle Franco"},"content":{"rendered":"\n<div class=\"wp-block-group alignfull has-background is-layout-flow\" style=\"background-color:#f2f0e9\">\n<div class=\"wp-block-columns alignwide is-layout-flex wp-container-2\">\n<div class=\"wp-block-column is-layout-flow\" style=\"flex-basis:100%\">\n<p class=\"has-text-align-center has-foreground-color has-text-color\" style=\"font-size:25px;line-height:1.1\"><strong>3o Setor | Institui\u00e7\u00f5es<\/strong><\/p>\n<\/div>\n<\/div>\n<\/div>\n\n\n\n<div class=\"wp-block-columns alignfull is-layout-flex wp-container-5\">\n<div class=\"wp-block-column is-layout-flow\">\n<figure class=\"wp-block-table alignwide\" style=\"font-size:16px\"><table style=\"border-width:2px\"><tbody><tr><td class=\"has-text-align-left\" data-align=\"left\"><strong>Instituto Marielle Franco<\/strong><\/td><\/tr><tr><td class=\"has-text-align-left\" data-align=\"left\"><strong>Site Oficial: <\/strong><a href=\"https:\/\/www.institutomariellefranco.org\/\">https:\/\/www.institutomariellefranco.org\/<\/a><\/td><\/tr><tr><td class=\"has-text-align-left\" data-align=\"left\"><strong>Descri\u00e7\u00e3o\/Trajet\u00f3ria:<\/strong><br><strong> <\/strong><br>O Instituto Marielle Franco \u00e9 uma organiza\u00e7\u00e3o sem fins lucrativos, criado em 2019 pela fam\u00edlia de Marielle (Anielle Franco \u00e9 diretora executiva) um ano depois do assassinato da vereadora carioca. A miss\u00e3o da institui\u00e7\u00e3o \u00e9 potencializar e dar apoio \u00e0s mulheres, pessoas negras e faveladas que desejam participar da milit\u00e2ncia pol\u00edtica, fazendo com que os espa\u00e7os de tomada de decis\u00e3o tenham a cara de mulheres negras, LGBTQIA+ e outros moradores da periferia. O instituto ainda se encontra na fase de estrutura\u00e7\u00e3o, mas j\u00e1 exibe em seu planejamento tr\u00eas a\u00e7\u00f5es que merecem destaque: (1) Enfrentamento \u00e0 Viol\u00eancia Pol\u00edtica contra Mulheres Negras: Em 2021, o IMF realizou a enquete Viol\u00eancia Pol\u00edtica de G\u00eanero e Ra\u00e7a no Brasil (https:\/\/www.violenciapolitica.org\/), com relatos in\u00e9ditos de 11 parlamentares negras de todas as regi\u00f5es do Brasil, revelando que &#8220;eleitas ou n\u00e3o, mulheres negras seguem desprotegidas&#8221;. Na pesquisa 2020, no relat\u00f3rio publicado ap\u00f3s as elei\u00e7\u00f5es municipais, o IMF apresentou oito tipos de viol\u00eancias pol\u00edticas (https:\/\/www.violenciapolitica.org\/2020) sofridas por mais de 140 candidatas negras nas elei\u00e7\u00f5es municipais. (2) N\u00e3o Seremos Interrompidas: plataforma (https:\/\/naoseremosinterrompidas.org\/) criada para pressionar a sociedade e o poder p\u00fablico por medidas concretas de combate \u00e0 Viol\u00eancia Pol\u00edtica contra Mulheres Negras. (3) A miniss\u00e9rie documental Para Onde Vamos? <a href=\"https:\/\/youtu.be\/D7NZR1WshVA\">https:\/\/youtu.be\/D7NZR1WshVA<\/a> (gravada durante a pandemia e lan\u00e7ada em 2021) \u00e9 dirigida por Claudia Alves e tamb\u00e9m faz parte do conjunto de a\u00e7\u00f5es do IMF. A produ\u00e7\u00e3o descreve o movimento de mulheres negras no Brasil atrav\u00e9s da hist\u00f3ria de ativistas que lutam para inovar o modo de fazer e pensar pol\u00edticas p\u00fablicas no Brasil.<\/td><\/tr><tr><td class=\"has-text-align-left\" data-align=\"left\"><strong>Projetos relacionados:  <\/strong><br><br>(44)Viol\u00eancia Pol\u00edtica de G\u00eanero e Ra\u00e7a no Brasil <br>(45)Plataforma N\u00e3o Seremos Interrompidas<\/td><\/tr><\/tbody><\/table><\/figure>\n<\/div>\n<\/div>\n","protected":false},"excerpt":{"rendered":"<p>3o Setor | Institui\u00e7\u00f5es Instituto Marielle Franco Site Oficial: https:\/\/www.institutomariellefranco.org\/ Descri\u00e7\u00e3o\/Trajet\u00f3ria: O Instituto Marielle Franco \u00e9 uma organiza\u00e7\u00e3o sem fins lucrativos, criado em 2019 pela fam\u00edlia de Marielle (Anielle Franco \u00e9 diretora executiva) um ano depois do assassinato da vereadora carioca. A miss\u00e3o da institui\u00e7\u00e3o \u00e9 potencializar e dar apoio \u00e0s mulheres, pessoas negras e [&hellip;]<\/p>\n","protected":false},"author":2,"featured_media":0,"comment_status":"closed","ping_status":"closed","sticky":false,"template":"","format":"standard","meta":[],"categories":[6],"tags":[],"_links":{"self":[{"href":"https:\/\/academiaolhodehorus.com.br\/index.php\/wp-json\/wp\/v2\/posts\/586"}],"collection":[{"href":"https:\/\/academiaolhodehorus.com.br\/index.php\/wp-json\/wp\/v2\/posts"}],"about":[{"href":"https:\/\/academiaolhodehorus.com.br\/index.php\/wp-json\/wp\/v2\/types\/post"}],"author":[{"embeddable":true,"href":"https:\/\/academiaolhodehorus.com.br\/index.php\/wp-json\/wp\/v2\/users\/2"}],"replies":[{"embeddable":true,"href":"https:\/\/academiaolhodehorus.com.br\/index.php\/wp-json\/wp\/v2\/comments?post=586"}],"version-history":[{"count":3,"href":"https:\/\/academiaolhodehorus.com.br\/index.php\/wp-json\/wp\/v2\/posts\/586\/revisions"}],"predecessor-version":[{"id":1496,"href":"https:\/\/academiaolhodehorus.com.br\/index.php\/wp-json\/wp\/v2\/posts\/586\/revisions\/1496"}],"wp:attachment":[{"href":"https:\/\/academiaolhodehorus.com.br\/index.php\/wp-json\/wp\/v2\/media?parent=586"}],"wp:term":[{"taxonomy":"category","embeddable":true,"href":"https:\/\/academiaolhodehorus.com.br\/index.php\/wp-json\/wp\/v2\/categories?post=586"},{"taxonomy":"post_tag","embeddable":true,"href":"https:\/\/academiaolhodehorus.com.br\/index.php\/wp-json\/wp\/v2\/tags?post=586"}],"curies":[{"name":"wp","href":"https:\/\/api.w.org\/{rel}","templated":true}]}}