{"id":588,"date":"2023-07-18T18:50:00","date_gmt":"2023-07-18T18:50:00","guid":{"rendered":"https:\/\/academiaolhodehorus.com.br\/?page_id=588"},"modified":"2023-07-26T01:52:25","modified_gmt":"2023-07-26T01:52:25","slug":"3o-setor-instituicoes-instituto-patricia-galvao-comunicacao-e-midia","status":"publish","type":"post","link":"https:\/\/academiaolhodehorus.com.br\/index.php\/2023\/07\/18\/3o-setor-instituicoes-instituto-patricia-galvao-comunicacao-e-midia\/","title":{"rendered":"3o Setor | Institui\u00e7\u00f5es | Instituto Patr\u00edcia Galv\u00e3o &#8211; Comunica\u00e7\u00e3o e M\u00eddia"},"content":{"rendered":"\n<div class=\"wp-block-group alignfull has-background is-layout-flow\" style=\"background-color:#f2f0e9\">\n<div class=\"wp-block-columns alignwide is-layout-flex wp-container-2\">\n<div class=\"wp-block-column is-layout-flow\" style=\"flex-basis:100%\">\n<p class=\"has-text-align-center has-foreground-color has-text-color\" style=\"font-size:25px;line-height:1.1\"><strong>3o Setor | Institui\u00e7\u00f5es<\/strong><\/p>\n<\/div>\n<\/div>\n<\/div>\n\n\n\n<div class=\"wp-block-columns alignfull is-layout-flex wp-container-5\">\n<div class=\"wp-block-column is-layout-flow\">\n<figure class=\"wp-block-table alignwide\" style=\"font-size:16px\"><table style=\"border-width:2px\"><tbody><tr><td class=\"has-text-align-left\" data-align=\"left\">Instituto Patr\u00edcia Galv\u00e3o &#8211; Comunica\u00e7\u00e3o e M\u00eddia<\/td><\/tr><tr><td class=\"has-text-align-left\" data-align=\"left\"><strong>Site Oficial: <\/strong><a href=\"https:\/\/agenciapatriciagalvao.org.br\/quem-somos\/\">https:\/\/agenciapatriciagalvao.org.br\/quem-somos\/<\/a><\/td><\/tr><tr><td class=\"has-text-align-left\" data-align=\"left\"><strong>Descri\u00e7\u00e3o\/Trajet\u00f3ria:<\/strong><br><strong> <\/strong><br>Organiza\u00e7\u00e3o feminista de refer\u00eancia nos campos dos direitos das mulheres e da comunica\u00e7\u00e3o, o Instituto Patr\u00edcia Galv\u00e3o (fundado em 2001) constr\u00f3i canais de di\u00e1logo com diferentes interlocutores da \u00e1rea da comunica\u00e7\u00e3o. Entre as atividades que o instituto desenvolve, encontram-se a realiza\u00e7\u00e3o de pesquisas de opini\u00e3o p\u00fablica em n\u00edvel nacional, a produ\u00e7\u00e3o de campanhas publicit\u00e1rias contra a viol\u00eancia dom\u00e9stica, a promo\u00e7\u00e3o de oficinas de m\u00eddia para lideran\u00e7as sociais e especialistas e a realiza\u00e7\u00e3o dos semin\u00e1rios nacionais &#8220;A Mulher e a M\u00eddia&#8221; e do &#8220;I Semin\u00e1rio Internacional Cultura da Viol\u00eancia contra as Mulheres&#8221;. O nome do Instituto, e tamb\u00e9m da Ag\u00eancia (criada em 2009), \u00e9 uma homenagem \u00e0 jornalista, escritora, ativista pol\u00edtica e cultural Patr\u00edcia Rehder Galv\u00e3o, a Pagu (1910-1962), que acreditava que as mulheres deveriam ter um papel mais ativo na esfera p\u00fablica.<\/td><\/tr><tr><td class=\"has-text-align-left\" data-align=\"left\"><strong>Projetos relacionados:  <\/strong><br><br>(11.1)Percep\u00e7\u00f5es sobre a viol\u00eancia e o ass\u00e9dio contra mulheres no trabalho <br>(12)Viol\u00eancia dom\u00e9stica contra a mulher na pandemia <br>(13)Autonomia das Mulheres <br>(15)Seguran\u00e7a das Mulheres no Transporte <br>(16)Pesquisa Viol\u00eancia Sexual: Percep\u00e7\u00f5es e comportamentos sobre viol\u00eancia sexual no Brasil <br>(17)# MENINAPODETUDO: Como o machismo e a viol\u00eancia contra a mulher afetam as vidas ds jovens das classes C, D e E? <br>(18)Percep\u00e7\u00e3o da Sociedade sobre Viol\u00eancia e Assassinato de Mulheres<\/td><\/tr><\/tbody><\/table><\/figure>\n<\/div>\n<\/div>\n","protected":false},"excerpt":{"rendered":"<p>3o Setor | Institui\u00e7\u00f5es Instituto Patr\u00edcia Galv\u00e3o &#8211; Comunica\u00e7\u00e3o e M\u00eddia Site Oficial: https:\/\/agenciapatriciagalvao.org.br\/quem-somos\/ Descri\u00e7\u00e3o\/Trajet\u00f3ria: Organiza\u00e7\u00e3o feminista de refer\u00eancia nos campos dos direitos das mulheres e da comunica\u00e7\u00e3o, o Instituto Patr\u00edcia Galv\u00e3o (fundado em 2001) constr\u00f3i canais de di\u00e1logo com diferentes interlocutores da \u00e1rea da comunica\u00e7\u00e3o. Entre as atividades que o instituto desenvolve, encontram-se a [&hellip;]<\/p>\n","protected":false},"author":2,"featured_media":0,"comment_status":"closed","ping_status":"closed","sticky":false,"template":"","format":"standard","meta":[],"categories":[6],"tags":[],"_links":{"self":[{"href":"https:\/\/academiaolhodehorus.com.br\/index.php\/wp-json\/wp\/v2\/posts\/588"}],"collection":[{"href":"https:\/\/academiaolhodehorus.com.br\/index.php\/wp-json\/wp\/v2\/posts"}],"about":[{"href":"https:\/\/academiaolhodehorus.com.br\/index.php\/wp-json\/wp\/v2\/types\/post"}],"author":[{"embeddable":true,"href":"https:\/\/academiaolhodehorus.com.br\/index.php\/wp-json\/wp\/v2\/users\/2"}],"replies":[{"embeddable":true,"href":"https:\/\/academiaolhodehorus.com.br\/index.php\/wp-json\/wp\/v2\/comments?post=588"}],"version-history":[{"count":4,"href":"https:\/\/academiaolhodehorus.com.br\/index.php\/wp-json\/wp\/v2\/posts\/588\/revisions"}],"predecessor-version":[{"id":1819,"href":"https:\/\/academiaolhodehorus.com.br\/index.php\/wp-json\/wp\/v2\/posts\/588\/revisions\/1819"}],"wp:attachment":[{"href":"https:\/\/academiaolhodehorus.com.br\/index.php\/wp-json\/wp\/v2\/media?parent=588"}],"wp:term":[{"taxonomy":"category","embeddable":true,"href":"https:\/\/academiaolhodehorus.com.br\/index.php\/wp-json\/wp\/v2\/categories?post=588"},{"taxonomy":"post_tag","embeddable":true,"href":"https:\/\/academiaolhodehorus.com.br\/index.php\/wp-json\/wp\/v2\/tags?post=588"}],"curies":[{"name":"wp","href":"https:\/\/api.w.org\/{rel}","templated":true}]}}