{"id":600,"date":"2023-07-18T18:56:29","date_gmt":"2023-07-18T18:56:29","guid":{"rendered":"https:\/\/academiaolhodehorus.com.br\/?page_id=600"},"modified":"2023-07-18T20:56:06","modified_gmt":"2023-07-18T20:56:06","slug":"3o-setor-instituicoes-laudes-foundation-brasil","status":"publish","type":"post","link":"https:\/\/academiaolhodehorus.com.br\/index.php\/2023\/07\/18\/3o-setor-instituicoes-laudes-foundation-brasil\/","title":{"rendered":"3o Setor | Institui\u00e7\u00f5es | Laudes Foundation Brasil"},"content":{"rendered":"\n<div class=\"wp-block-group alignfull has-background is-layout-flow\" style=\"background-color:#f2f0e9\">\n<div class=\"wp-block-columns alignwide is-layout-flex wp-container-2\">\n<div class=\"wp-block-column is-layout-flow\" style=\"flex-basis:100%\">\n<p class=\"has-text-align-center has-foreground-color has-text-color\" style=\"font-size:25px;line-height:1.1\"><strong>3o Setor | Institui\u00e7\u00f5es<\/strong><\/p>\n<\/div>\n<\/div>\n<\/div>\n\n\n\n<div class=\"wp-block-columns alignfull is-layout-flex wp-container-5\">\n<div class=\"wp-block-column is-layout-flow\">\n<figure class=\"wp-block-table alignwide\" style=\"font-size:16px\"><table style=\"border-width:2px\"><tbody><tr><td class=\"has-text-align-left\" data-align=\"left\"><strong>Laudes Foundation Brasil<\/strong><\/td><\/tr><tr><td class=\"has-text-align-left\" data-align=\"left\"><strong>Site Oficial: <\/strong><a href=\"https:\/\/www.laudesfoundation.org\/br\/o-que-fazemos\">https:\/\/www.laudesfoundation.org\/br\/o-que-fazemos<\/a><\/td><\/tr><tr><td class=\"has-text-align-left\" data-align=\"left\"><strong>Descri\u00e7\u00e3o\/Trajet\u00f3ria:<\/strong><br><strong> <\/strong><br>Criada em 2020, a Laudes Foundation foi criada para desafiar e inspirar a ind\u00fastria a utilizar seu poder para o bem comum. Como parte do conglomerado familiar Brenninkmeijer (fundadora da rede varejista de moda C&amp;A \u2013 iniciais dos irm\u00e3os Clemens e August) a Laudes atua nas \u00e1reas de empreendedorismo e investimento social privado, ao lado da Cofra (grupo diversificado de neg\u00f3cios unidos) e de outras iniciativas filantr\u00f3picas da fam\u00edlia. A funda\u00e7\u00e3o d\u00e1 continuidade \u00e0s mudan\u00e7as da ind\u00fastria da moda desenvolvidas pelo Instituto C&amp;A. A Laudes Foundation procura dar resposta urgente \u00e0 demanda global de acelerar a transi\u00e7\u00e3o para uma economia justa e regenerativa. A funda\u00e7\u00e3o trabalha com todas as ind\u00fastrias, influenciando o mercado financeiro para que este se mova em dire\u00e7\u00e3o \u00e0 nova economia que valoriza as pessoas e a natureza. A Laudes Foundation concentra-se em praticar as proposi\u00e7\u00f5es econ\u00f4micas vindas do meio acad\u00eamico, da sociedade civil e dos think tanks (institui\u00e7\u00f5es que desempenham um papel de advocacy para pol\u00edticas p\u00fablicas, al\u00e9m de terem a capacidade de explicar, mobilizar e articular os atores), transformando o pensamento em pol\u00edtica, regulamenta\u00e7\u00e3o, legisla\u00e7\u00e3o e novos modelos de neg\u00f3cios. \u00c9 assim que a Laudes Foundation acredita poder enfrentar a desigualdade social e levar em considera\u00e7\u00e3o todos os membros de uma comunidade. ESCLARECIMENTO: O trabalho da Laudes Foundation para combater a desigualdade social e a crise clim\u00e1tica continua por meio do Fundo Brasil: https:\/\/www.fundobrasil.org.br\/ .<br>INFORMA\u00c7\u00d5ES SOBRE A ATUA\u00c7\u00c3O DA LAUDES FOUNDATION NO BRASIL<br>https:\/\/gife.org.br\/associados\/laudes-foundation\/<br>https:\/\/laudes.h5mag.com\/relatorio_anual_2020\/cover<\/td><\/tr><tr><td class=\"has-text-align-left\" data-align=\"left\"><strong>Projetos relacionados:  <\/strong><br><br>Programa Cont\u00ednuo de Financiamento e Apoio a Projetos (RedeH; AMB; Instituto Patr\u00edcia Galv\u00e3o; Gife)<\/td><\/tr><\/tbody><\/table><\/figure>\n<\/div>\n<\/div>\n","protected":false},"excerpt":{"rendered":"<p>3o Setor | Institui\u00e7\u00f5es Laudes Foundation Brasil Site Oficial: https:\/\/www.laudesfoundation.org\/br\/o-que-fazemos Descri\u00e7\u00e3o\/Trajet\u00f3ria: Criada em 2020, a Laudes Foundation foi criada para desafiar e inspirar a ind\u00fastria a utilizar seu poder para o bem comum. Como parte do conglomerado familiar Brenninkmeijer (fundadora da rede varejista de moda C&amp;A \u2013 iniciais dos irm\u00e3os Clemens e August) a Laudes [&hellip;]<\/p>\n","protected":false},"author":2,"featured_media":0,"comment_status":"closed","ping_status":"closed","sticky":false,"template":"","format":"standard","meta":[],"categories":[6],"tags":[],"_links":{"self":[{"href":"https:\/\/academiaolhodehorus.com.br\/index.php\/wp-json\/wp\/v2\/posts\/600"}],"collection":[{"href":"https:\/\/academiaolhodehorus.com.br\/index.php\/wp-json\/wp\/v2\/posts"}],"about":[{"href":"https:\/\/academiaolhodehorus.com.br\/index.php\/wp-json\/wp\/v2\/types\/post"}],"author":[{"embeddable":true,"href":"https:\/\/academiaolhodehorus.com.br\/index.php\/wp-json\/wp\/v2\/users\/2"}],"replies":[{"embeddable":true,"href":"https:\/\/academiaolhodehorus.com.br\/index.php\/wp-json\/wp\/v2\/comments?post=600"}],"version-history":[{"count":2,"href":"https:\/\/academiaolhodehorus.com.br\/index.php\/wp-json\/wp\/v2\/posts\/600\/revisions"}],"predecessor-version":[{"id":1506,"href":"https:\/\/academiaolhodehorus.com.br\/index.php\/wp-json\/wp\/v2\/posts\/600\/revisions\/1506"}],"wp:attachment":[{"href":"https:\/\/academiaolhodehorus.com.br\/index.php\/wp-json\/wp\/v2\/media?parent=600"}],"wp:term":[{"taxonomy":"category","embeddable":true,"href":"https:\/\/academiaolhodehorus.com.br\/index.php\/wp-json\/wp\/v2\/categories?post=600"},{"taxonomy":"post_tag","embeddable":true,"href":"https:\/\/academiaolhodehorus.com.br\/index.php\/wp-json\/wp\/v2\/tags?post=600"}],"curies":[{"name":"wp","href":"https:\/\/api.w.org\/{rel}","templated":true}]}}