{"id":602,"date":"2023-07-18T18:57:13","date_gmt":"2023-07-18T18:57:13","guid":{"rendered":"https:\/\/academiaolhodehorus.com.br\/?page_id=602"},"modified":"2023-07-18T20:55:58","modified_gmt":"2023-07-18T20:55:58","slug":"3o-setor-instituicoes-marcha-mundial-das-mulheres","status":"publish","type":"post","link":"https:\/\/academiaolhodehorus.com.br\/index.php\/2023\/07\/18\/3o-setor-instituicoes-marcha-mundial-das-mulheres\/","title":{"rendered":"3o Setor | Institui\u00e7\u00f5es | Marcha Mundial das Mulheres"},"content":{"rendered":"\n<div class=\"wp-block-group alignfull has-background is-layout-flow\" style=\"background-color:#f2f0e9\">\n<div class=\"wp-block-columns alignwide is-layout-flex wp-container-2\">\n<div class=\"wp-block-column is-layout-flow\" style=\"flex-basis:100%\">\n<p class=\"has-text-align-center has-foreground-color has-text-color\" style=\"font-size:25px;line-height:1.1\"><strong>3o Setor | Institui\u00e7\u00f5es<\/strong><\/p>\n<\/div>\n<\/div>\n<\/div>\n\n\n\n<div class=\"wp-block-columns alignfull is-layout-flex wp-container-5\">\n<div class=\"wp-block-column is-layout-flow\">\n<figure class=\"wp-block-table alignwide\" style=\"font-size:16px\"><table style=\"border-width:2px\"><tbody><tr><td class=\"has-text-align-left\" data-align=\"left\"><strong>Marcha Mundial das Mulheres<\/strong><\/td><\/tr><tr><td class=\"has-text-align-left\" data-align=\"left\"><strong>Site Oficial: <\/strong><a href=\"https:\/\/marchamulheres.wordpress.com\/\">https:\/\/marchamulheres.wordpress.com\/<\/a><\/td><\/tr><tr><td class=\"has-text-align-left\" data-align=\"left\"><strong>Descri\u00e7\u00e3o\/Trajet\u00f3ria:<\/strong><br><strong> <\/strong><br>Marcha Mundial das Mulheres (MMM) nasceu no ano 2000 como mobiliza\u00e7\u00e3o que reuniu mulheres do mundo todo em uma campanha contra a pobreza e a viol\u00eancia. As a\u00e7\u00f5es come\u00e7aram em 8 de mar\u00e7o, Dia Internacional da Mulher, e terminaram em 17 de outubro. A inspira\u00e7\u00e3o para a cria\u00e7\u00e3o da Marcha Mundial das Mulheres partiu de uma manifesta\u00e7\u00e3o realizada em 1995, em Quebec, no Canad\u00e1, quando 850 mulheres marcharam 200 quil\u00f4metros, pedindo, simbolicamente, \u201cP\u00e3o e Rosas\u201d. Entre os princ\u00edpios da MMM est\u00e3o a organiza\u00e7\u00e3o das mulheres urbanas e rurais a partir da base e as alian\u00e7as com movimentos sociais. A MMM defende que as mulheres s\u00e3o sujeitos ativos na luta pela transforma\u00e7\u00e3o de suas vidas. A MMM j\u00e1 realizou tr\u00eas a\u00e7\u00f5es internacionais (2000, 2005 e 2010). No Brasil, a a\u00e7\u00e3o internacional da Marcha Mundial das Mulheres aconteceu entre 8 e 18 de mar\u00e7o (2010), estruturada no formato de uma marcha que percorreu o trajeto entre as cidades de Campinas e S\u00e3o Paulo. Cerca de 3 mil mulheres, reuniram-se em uma grande atividade de den\u00fancia, reivindica\u00e7\u00e3o e forma\u00e7\u00e3o, O evento reuniu mulheres rurais, urbanas, ind\u00edgenas, negras, brancas, jovens, adultas, l\u00e9sbicas, bissexuais e heterossexuais auto-organizadas.<\/td><\/tr><tr><td class=\"has-text-align-left\" data-align=\"left\"><strong>Projetos relacionados:  <\/strong><br><br>(33)Marcha pela Igualdade (XX)Sem Culpa, Nem Desculpa!<\/td><\/tr><\/tbody><\/table><\/figure>\n<\/div>\n<\/div>\n","protected":false},"excerpt":{"rendered":"<p>3o Setor | Institui\u00e7\u00f5es Marcha Mundial das Mulheres Site Oficial: https:\/\/marchamulheres.wordpress.com\/ Descri\u00e7\u00e3o\/Trajet\u00f3ria: Marcha Mundial das Mulheres (MMM) nasceu no ano 2000 como mobiliza\u00e7\u00e3o que reuniu mulheres do mundo todo em uma campanha contra a pobreza e a viol\u00eancia. As a\u00e7\u00f5es come\u00e7aram em 8 de mar\u00e7o, Dia Internacional da Mulher, e terminaram em 17 de outubro. [&hellip;]<\/p>\n","protected":false},"author":2,"featured_media":0,"comment_status":"closed","ping_status":"closed","sticky":false,"template":"","format":"standard","meta":[],"categories":[6],"tags":[],"_links":{"self":[{"href":"https:\/\/academiaolhodehorus.com.br\/index.php\/wp-json\/wp\/v2\/posts\/602"}],"collection":[{"href":"https:\/\/academiaolhodehorus.com.br\/index.php\/wp-json\/wp\/v2\/posts"}],"about":[{"href":"https:\/\/academiaolhodehorus.com.br\/index.php\/wp-json\/wp\/v2\/types\/post"}],"author":[{"embeddable":true,"href":"https:\/\/academiaolhodehorus.com.br\/index.php\/wp-json\/wp\/v2\/users\/2"}],"replies":[{"embeddable":true,"href":"https:\/\/academiaolhodehorus.com.br\/index.php\/wp-json\/wp\/v2\/comments?post=602"}],"version-history":[{"count":2,"href":"https:\/\/academiaolhodehorus.com.br\/index.php\/wp-json\/wp\/v2\/posts\/602\/revisions"}],"predecessor-version":[{"id":1507,"href":"https:\/\/academiaolhodehorus.com.br\/index.php\/wp-json\/wp\/v2\/posts\/602\/revisions\/1507"}],"wp:attachment":[{"href":"https:\/\/academiaolhodehorus.com.br\/index.php\/wp-json\/wp\/v2\/media?parent=602"}],"wp:term":[{"taxonomy":"category","embeddable":true,"href":"https:\/\/academiaolhodehorus.com.br\/index.php\/wp-json\/wp\/v2\/categories?post=602"},{"taxonomy":"post_tag","embeddable":true,"href":"https:\/\/academiaolhodehorus.com.br\/index.php\/wp-json\/wp\/v2\/tags?post=602"}],"curies":[{"name":"wp","href":"https:\/\/api.w.org\/{rel}","templated":true}]}}