{"id":618,"date":"2023-07-18T19:12:03","date_gmt":"2023-07-18T19:12:03","guid":{"rendered":"https:\/\/academiaolhodehorus.com.br\/?page_id=618"},"modified":"2023-07-18T20:54:38","modified_gmt":"2023-07-18T20:54:38","slug":"3o-setor-instituicoes-nao-e-nao","status":"publish","type":"post","link":"https:\/\/academiaolhodehorus.com.br\/index.php\/2023\/07\/18\/3o-setor-instituicoes-nao-e-nao\/","title":{"rendered":"3o Setor | Institui\u00e7\u00f5es | N\u00e3o \u00c9 N\u00e3o"},"content":{"rendered":"\n<div class=\"wp-block-group alignfull has-background is-layout-flow\" style=\"background-color:#f2f0e9\">\n<div class=\"wp-block-columns alignwide is-layout-flex wp-container-2\">\n<div class=\"wp-block-column is-layout-flow\" style=\"flex-basis:100%\">\n<p class=\"has-text-align-center has-foreground-color has-text-color\" style=\"font-size:25px;line-height:1.1\"><strong>3o Setor | Institui\u00e7\u00f5es<\/strong><\/p>\n<\/div>\n<\/div>\n<\/div>\n\n\n\n<div class=\"wp-block-columns alignfull is-layout-flex wp-container-5\">\n<div class=\"wp-block-column is-layout-flow\">\n<figure class=\"wp-block-table alignwide\" style=\"font-size:16px\"><table style=\"border-width:2px\"><tbody><tr><td class=\"has-text-align-left\" data-align=\"left\"><strong>N\u00e3o \u00c9 N\u00e3o<\/strong><\/td><\/tr><tr><td class=\"has-text-align-left\" data-align=\"left\"><strong>Site Oficial: <\/strong><a href=\"https:\/\/naoenao.com.br\/nossa-historia\/\">https:\/\/naoenao.com.br\/nossa-historia\/<\/a><\/td><\/tr><tr><td class=\"has-text-align-left\" data-align=\"left\"><strong>Descri\u00e7\u00e3o\/Trajet\u00f3ria:<\/strong><br><strong> <\/strong><br>Coletivo feminista organizado pelas cofundadoras Aisha Jacob; Barbara Menchise; Julia Parucker; Luiza Borges; Nandi Barbosa. A proposta \u00e9 fazer dos &#8220;pr\u00f3prios corpos um outdoor da luta&#8221;, ocupando diferentes espa\u00e7os. Repudiando qualquer tipo de ass\u00e9dio (visual, verbal ou f\u00edsico), elas atuam na difus\u00e3o e constru\u00e7\u00e3o de pautas relativas \u00e0 seguran\u00e7a e bem estar das mulheres na sociedade, atrav\u00e9s da produ\u00e7\u00e3o de conte\u00fados para redes sociais, palestras em escolas, empresas e eventos, e constru\u00e7\u00e3o de parcerias e projetos com grupos da sociedade civil organizada e marcas. O videomanifesto foi realizado para a exposi\u00e7\u00e3o Nosotras Luchamos (Berlim), que aconteceu de novembro 2018 a janeiro de 2019. O coletivo N\u00e3o \u00e9 N\u00e3o teve in\u00edcio ap\u00f3s mais um ass\u00e9dio sofrido em um samba durante o pr\u00e9 carnaval no Rio de Janeiro, em 2017. Decididas a transformar a indigna\u00e7\u00e3o em for\u00e7a para agir, em 48 horas o grupo de mulheres arrecadou R$2.794 atrav\u00e9s de uma \u201cvaquinha\u201d entre 40 mulheres. J\u00e1 no carnaval de 2017, foram produzidos e distribu\u00eddos, gratuitamente, 4 mil tatuagens \u201cN\u00e3o \u00e9 N\u00e3o!\u201d nos blocos de rua do Rio de Janeiro, a partir do entendimento de que as pessoas t\u00eam o direito de individualmente decidir sobre seus corpos e que suas escolhas e concess\u00f5es t\u00eam que ser ouvidas, percebidas e respeitadas. Sempre buscando trabalhar o ambiente positivo para tratar o tema com aten\u00e7\u00e3o e seriedade, expandiram sua atua\u00e7\u00e3o para mais de 17 estados, e ampliaram de a\u00e7\u00f5es de comunica\u00e7\u00e3o nos carnavais para a presen\u00e7a em escolas, empresas e outros espa\u00e7os onde possam levar a mensagem e o debate.<\/td><\/tr><tr><td class=\"has-text-align-left\" data-align=\"left\"><strong>Projetos relacionados:  <\/strong><br><br>(29.A) Carnavais 2017, 2018, 2019 e 2020 <br>(29.B) Passeatas e Manifestos 8M &#8211; Dia das Mulheres <br>(29.C) Palestras e Rodas de Conversas nas Empresas <br>(29.D) Palestras nas Escolas (N\u00c3O \u00e9 N\u00c3O!) <br>(29.E) Cineclube: \u201cPrecisamos Falar sobre o Ass\u00e9dio\u201d <br>(29.F) Cartilha contra o Ass\u00e9dio em Est\u00fadios de Tatuagem <br>(29.G) Ingresse <br>(29.H) Carnaval Cant\u00e3o <br>(29.I) The Body Shop <br>(29.J) Amaro <br>(29.K) Avon <br>(29.L) AME Digital <br>(29.M) Podcast &#8220;N\u00c3O \u00c9 N\u00c2O + PodSim&#8221; <br>(29.N) Badoo<\/td><\/tr><\/tbody><\/table><\/figure>\n<\/div>\n<\/div>\n","protected":false},"excerpt":{"rendered":"<p>3o Setor | Institui\u00e7\u00f5es N\u00e3o \u00c9 N\u00e3o Site Oficial: https:\/\/naoenao.com.br\/nossa-historia\/ Descri\u00e7\u00e3o\/Trajet\u00f3ria: Coletivo feminista organizado pelas cofundadoras Aisha Jacob; Barbara Menchise; Julia Parucker; Luiza Borges; Nandi Barbosa. A proposta \u00e9 fazer dos &#8220;pr\u00f3prios corpos um outdoor da luta&#8221;, ocupando diferentes espa\u00e7os. Repudiando qualquer tipo de ass\u00e9dio (visual, verbal ou f\u00edsico), elas atuam na difus\u00e3o e constru\u00e7\u00e3o [&hellip;]<\/p>\n","protected":false},"author":2,"featured_media":0,"comment_status":"closed","ping_status":"closed","sticky":false,"template":"","format":"standard","meta":[],"categories":[6],"tags":[],"_links":{"self":[{"href":"https:\/\/academiaolhodehorus.com.br\/index.php\/wp-json\/wp\/v2\/posts\/618"}],"collection":[{"href":"https:\/\/academiaolhodehorus.com.br\/index.php\/wp-json\/wp\/v2\/posts"}],"about":[{"href":"https:\/\/academiaolhodehorus.com.br\/index.php\/wp-json\/wp\/v2\/types\/post"}],"author":[{"embeddable":true,"href":"https:\/\/academiaolhodehorus.com.br\/index.php\/wp-json\/wp\/v2\/users\/2"}],"replies":[{"embeddable":true,"href":"https:\/\/academiaolhodehorus.com.br\/index.php\/wp-json\/wp\/v2\/comments?post=618"}],"version-history":[{"count":3,"href":"https:\/\/academiaolhodehorus.com.br\/index.php\/wp-json\/wp\/v2\/posts\/618\/revisions"}],"predecessor-version":[{"id":1524,"href":"https:\/\/academiaolhodehorus.com.br\/index.php\/wp-json\/wp\/v2\/posts\/618\/revisions\/1524"}],"wp:attachment":[{"href":"https:\/\/academiaolhodehorus.com.br\/index.php\/wp-json\/wp\/v2\/media?parent=618"}],"wp:term":[{"taxonomy":"category","embeddable":true,"href":"https:\/\/academiaolhodehorus.com.br\/index.php\/wp-json\/wp\/v2\/categories?post=618"},{"taxonomy":"post_tag","embeddable":true,"href":"https:\/\/academiaolhodehorus.com.br\/index.php\/wp-json\/wp\/v2\/tags?post=618"}],"curies":[{"name":"wp","href":"https:\/\/api.w.org\/{rel}","templated":true}]}}