{"id":620,"date":"2023-07-18T19:14:44","date_gmt":"2023-07-18T19:14:44","guid":{"rendered":"https:\/\/academiaolhodehorus.com.br\/?page_id=620"},"modified":"2023-07-18T20:54:32","modified_gmt":"2023-07-18T20:54:32","slug":"3o-setor-instituicoes-nepem-nucleo-de-estudos-e-pesquisas-sobre-a-mulher","status":"publish","type":"post","link":"https:\/\/academiaolhodehorus.com.br\/index.php\/2023\/07\/18\/3o-setor-instituicoes-nepem-nucleo-de-estudos-e-pesquisas-sobre-a-mulher\/","title":{"rendered":"3o Setor | Institui\u00e7\u00f5es | NEPEM &#8211; N\u00facleo de Estudos e Pesquisas sobre a Mulher"},"content":{"rendered":"\n<div class=\"wp-block-group alignfull has-background is-layout-flow\" style=\"background-color:#f2f0e9\">\n<div class=\"wp-block-columns alignwide is-layout-flex wp-container-2\">\n<div class=\"wp-block-column is-layout-flow\" style=\"flex-basis:100%\">\n<p class=\"has-text-align-center has-foreground-color has-text-color\" style=\"font-size:25px;line-height:1.1\"><strong>3o Setor | Institui\u00e7\u00f5es<\/strong><\/p>\n<\/div>\n<\/div>\n<\/div>\n\n\n\n<div class=\"wp-block-columns alignfull is-layout-flex wp-container-5\">\n<div class=\"wp-block-column is-layout-flow\">\n<figure class=\"wp-block-table alignwide\" style=\"font-size:16px\"><table style=\"border-width:2px\"><tbody><tr><td class=\"has-text-align-left\" data-align=\"left\"><strong>NEPEM &#8211; N\u00facleo de Estudos e Pesquisas sobre a Mulher<\/strong><\/td><\/tr><tr><td class=\"has-text-align-left\" data-align=\"left\"><strong>Site Oficial: <\/strong><a href=\"https:\/\/www.fafich.ufmg.br\/nepem\/\">https:\/\/www.fafich.ufmg.br\/nepem\/<\/a><\/td><\/tr><tr><td class=\"has-text-align-left\" data-align=\"left\"><strong>Descri\u00e7\u00e3o\/Trajet\u00f3ria:<\/strong><br><strong> <\/strong><br>Desde sua cria\u00e7\u00e3o \u2013 pela Resolu\u00e7\u00e3o n.\u00ba 04\/84, de 14 de setembro de 1984, da Universidade Federal de Minas Gerais \u2013, o N\u00facleo de Estudos e Pesquisas sobre a Mulher (Nepem\/UFMG) dedica-se \u00e0 realiza\u00e7\u00e3o de estudos e pesquisas que sejam relevantes para a realidade brasileira e latino-americana, e que ainda contribuam para a produ\u00e7\u00e3o de conhecimento prudente, confi\u00e1vel e qualificado do universo acad\u00eamico no que diz respeito \u00e0s abordagens feministas, antirracistas e anti-heteronormativas (heteronormativo: termo usado para descrever situa\u00e7\u00f5es nas quais orienta\u00e7\u00f5es sexuais diferentes da heterossexual s\u00e3o marginalizadas, ignoradas ou perseguidas por pr\u00e1ticas sociais, cren\u00e7as ou pol\u00edticas). O Nepem \u00e9 vinculado \u00e0 Faculdade de Filosofia e Ci\u00eancias Humanas (Fafich) da Universidade Federal de Minas Gerais (UFMG). O objetivo principal do Nepem \u00e9 articular estudos, pesquisas, ensino e extens\u00e3o universit\u00e1rios desenvolvidos pelos diferentes departamentos e setores da UFMG sobre a condi\u00e7\u00e3o da mulher na sociedade brasileira. Dispon\u00edvel em: https:\/\/www.fafich.ufmg.br\/nepem\/. Dispon\u00edvel em: https:\/\/www.fafich.ufmg.br\/nepem\/o-nepem\/sobre-o-nepem\/. As atividades de ensino, pesquisa e extens\u00e3o do Nepem\/ UFMG concentram-se na produ\u00e7\u00e3o de um conhecimento que d\u00ea visibilidade \u00e0 contribui\u00e7\u00e3o fundamental das pensadoras e cientistas mulheres para as ci\u00eancias; especialmente as ci\u00eancias sociais e humanas. ATIVIDADE DE PESQUISA \u2013 A Representa\u00e7\u00e3o Pol\u00edtica Feminina na Am\u00e9rica Latina e Caribe: trata-se de discuss\u00e3o sobre um conjunto extenso de teorias (sociol\u00f3gicas da moderniza\u00e7\u00e3o; neoinstitucionalistas e perspectivas feministas recentes) que tratam das a\u00e7\u00f5es das mulheres nos espa\u00e7os de poder, especialmente no espa\u00e7o da representa\u00e7\u00e3o pol\u00edtica contempor\u00e2nea. Dispon\u00edvel em: https:\/\/www.fafich.ufmg.br\/nepem\/pesquisas\/arepresentacaopoliticafeminina\/. ATIVIDADE DE ENSINO \u2013 O objetivo \u00e9 a coprodu\u00e7\u00e3o do conhecimento a servi\u00e7o da transforma\u00e7\u00e3o do mundo, tendo como finalidade a emancipa\u00e7\u00e3o de todas as mulheres, considerando a infinita diversidade do g\u00eanero. Nas disciplinas da Gradua\u00e7\u00e3o constam: a) Teoria Pol\u00edtica Feminista; b) G\u00eanero, Feminismo e Pol\u00edtica; c) Introdu\u00e7\u00e3o \u00e0 Gest\u00e3o no \u00c2mbito do Poder Executivo. Dispon\u00edvel em: https:\/\/www.fafich.ufmg.br\/nepem\/ensino\/. ATIVIDADE DE EXTENS\u00c3O \u2013 O di\u00e1logo entre a Academia e a comunidade \u00e9 indispens\u00e1vel para mudar padr\u00f5es. Um dos eixos centrais de maior import\u00e2ncia da atua\u00e7\u00e3o do Nepem\/UFMG s\u00e3o as atividades de Extens\u00e3o Universit\u00e1ria. As a\u00e7\u00f5es dessa vertente acad\u00eamica destinam-se ao objetivo final de empoderamento e emancipa\u00e7\u00e3o das mulheres. Neste setor, o foco do Nepem\/UFMG \u00e9 a produ\u00e7\u00e3o participativa de estrat\u00e9gias de escuta, acolhimento, visibilidade, autorreconhecimento, com vistas \u00e0 constru\u00e7\u00e3o coletiva da autonomia das mulheres de Minas Gerais. Dispon\u00edvel em: https:\/\/www.fafich.ufmg.br\/nepem\/extensao\/. Um dos destaques da atividade de extens\u00e3o do Nepem\/UFMG \u00e9 o programa \u201cMulheres Construindo Cidadania: iniciativas para o empoderamento econ\u00f4mico de mulheres e constru\u00e7\u00e3o da igualdade de g\u00eanero em Minas Gerais\u201d. Dispon\u00edvel em: https:\/\/www.fafich.ufmg.br\/nepem\/extensoes\/mulheres-construindo-cidadania\/. Financiado pela Secretaria de Pol\u00edticas para as Mulheres (SPM) do Governo Federal, e desenvolvido entre 2016 e 2018, o trabalho combinou um conjunto amplo e sistem\u00e1tico de metodologias (algumas inclusive quantitativas e qualitativas), junto a estrat\u00e9gias formativas de car\u00e1ter pol\u00edtico-social. O \u201cMulheres Construindo Cidadania procurou refletir sobre as estrat\u00e9gias poss\u00edveis e as alternativas de gera\u00e7\u00e3o de renda e autonomia econ\u00f4mica de mulheres, e tamb\u00e9m contribuir para a promo\u00e7\u00e3o da equidade de g\u00eanero, ra\u00e7a, sexualidade e gera\u00e7\u00e3o entre mulheres do estado de Minas Gerais. A cartilha VIOL\u00caNCIA POL\u00cdTICA contra as mulheres (dispon\u00edvel em: https:\/\/www.canva.com\/design\/DAEL6NtqcRA\/1YUMR2F6kXK50OweOxVgrg\/view?utm_content=DAEL6NtqcRA&amp;utm_campaign=designshare&amp;utm_medium=link&amp;utm_source=sharebutton#1) e o livro \u201cPedagogias Feministas Decoloniais\u201d (dispon\u00edvel em: https:\/\/drive.google.com\/file\/d\/11OBquh8ZQd7rS6rgGAdTNJ0k7nXSwsJ3\/view), foram produzidos a partir da experi\u00eancia do programa Mulheres Construindo Cidadania. Dispon\u00edvel em: https:\/\/ufmg.br\/comunicacao\/noticias\/nepem-reune-dados-sobre-violencia-politica-contra-a-mulher<\/td><\/tr><tr><td class=\"has-text-align-left\" data-align=\"left\"><strong>Projetos relacionados:  <\/strong><br><br>(00) Cartilhas Formativas; <br>(00) livro \u201cPedagogias Feministas Decoloniais\u201d; <br>(00) programa \u201cMulheres Construindo Cidadania: iniciativas para o empoderamento econ\u00f4mico de mulheres e constru\u00e7\u00e3o da igualdade de g\u00eanero em Minas Gerais\u201d.<\/td><\/tr><\/tbody><\/table><\/figure>\n<\/div>\n<\/div>\n","protected":false},"excerpt":{"rendered":"<p>3o Setor | Institui\u00e7\u00f5es NEPEM &#8211; N\u00facleo de Estudos e Pesquisas sobre a Mulher Site Oficial: https:\/\/www.fafich.ufmg.br\/nepem\/ Descri\u00e7\u00e3o\/Trajet\u00f3ria: Desde sua cria\u00e7\u00e3o \u2013 pela Resolu\u00e7\u00e3o n.\u00ba 04\/84, de 14 de setembro de 1984, da Universidade Federal de Minas Gerais \u2013, o N\u00facleo de Estudos e Pesquisas sobre a Mulher (Nepem\/UFMG) dedica-se \u00e0 realiza\u00e7\u00e3o de estudos e [&hellip;]<\/p>\n","protected":false},"author":2,"featured_media":0,"comment_status":"closed","ping_status":"closed","sticky":false,"template":"","format":"standard","meta":[],"categories":[6],"tags":[],"_links":{"self":[{"href":"https:\/\/academiaolhodehorus.com.br\/index.php\/wp-json\/wp\/v2\/posts\/620"}],"collection":[{"href":"https:\/\/academiaolhodehorus.com.br\/index.php\/wp-json\/wp\/v2\/posts"}],"about":[{"href":"https:\/\/academiaolhodehorus.com.br\/index.php\/wp-json\/wp\/v2\/types\/post"}],"author":[{"embeddable":true,"href":"https:\/\/academiaolhodehorus.com.br\/index.php\/wp-json\/wp\/v2\/users\/2"}],"replies":[{"embeddable":true,"href":"https:\/\/academiaolhodehorus.com.br\/index.php\/wp-json\/wp\/v2\/comments?post=620"}],"version-history":[{"count":3,"href":"https:\/\/academiaolhodehorus.com.br\/index.php\/wp-json\/wp\/v2\/posts\/620\/revisions"}],"predecessor-version":[{"id":1526,"href":"https:\/\/academiaolhodehorus.com.br\/index.php\/wp-json\/wp\/v2\/posts\/620\/revisions\/1526"}],"wp:attachment":[{"href":"https:\/\/academiaolhodehorus.com.br\/index.php\/wp-json\/wp\/v2\/media?parent=620"}],"wp:term":[{"taxonomy":"category","embeddable":true,"href":"https:\/\/academiaolhodehorus.com.br\/index.php\/wp-json\/wp\/v2\/categories?post=620"},{"taxonomy":"post_tag","embeddable":true,"href":"https:\/\/academiaolhodehorus.com.br\/index.php\/wp-json\/wp\/v2\/tags?post=620"}],"curies":[{"name":"wp","href":"https:\/\/api.w.org\/{rel}","templated":true}]}}