{"id":626,"date":"2023-07-18T19:20:26","date_gmt":"2023-07-18T19:20:26","guid":{"rendered":"https:\/\/academiaolhodehorus.com.br\/?page_id=626"},"modified":"2023-07-18T20:53:57","modified_gmt":"2023-07-18T20:53:57","slug":"3o-setor-instituicoes-observatorio-de-favelas-do-rio-de-janeiro","status":"publish","type":"post","link":"https:\/\/academiaolhodehorus.com.br\/index.php\/2023\/07\/18\/3o-setor-instituicoes-observatorio-de-favelas-do-rio-de-janeiro\/","title":{"rendered":"3o Setor | Institui\u00e7\u00f5es | Observat\u00f3rio de Favelas do Rio de Janeiro"},"content":{"rendered":"\n<div class=\"wp-block-group alignfull has-background is-layout-flow\" style=\"background-color:#f2f0e9\">\n<div class=\"wp-block-columns alignwide is-layout-flex wp-container-2\">\n<div class=\"wp-block-column is-layout-flow\" style=\"flex-basis:100%\">\n<p class=\"has-text-align-center has-foreground-color has-text-color\" style=\"font-size:25px;line-height:1.1\"><strong>3o Setor | Institui\u00e7\u00f5es<\/strong><\/p>\n<\/div>\n<\/div>\n<\/div>\n\n\n\n<div class=\"wp-block-columns alignfull is-layout-flex wp-container-5\">\n<div class=\"wp-block-column is-layout-flow\">\n<figure class=\"wp-block-table alignwide\" style=\"font-size:16px\"><table style=\"border-width:2px\"><tbody><tr><td class=\"has-text-align-left\" data-align=\"left\"><strong>Observat\u00f3rio de Favelas do Rio de Janeiro<\/strong><\/td><\/tr><tr><td class=\"has-text-align-left\" data-align=\"left\"><strong>Site Oficial: <\/strong><a href=\"https:\/\/observatoriodefavelas.org.br\/quem-somos\/\">https:\/\/observatoriodefavelas.org.br\/quem-somos\/<\/a><\/td><\/tr><tr><td class=\"has-text-align-left\" data-align=\"left\"><strong>Descri\u00e7\u00e3o\/Trajet\u00f3ria:<\/strong><br><strong> <\/strong><br>Fundado em 2001, o Observat\u00f3rio de Favelas \u00e9 uma Organiza\u00e7\u00e3o da Sociedade Civil de Interesse P\u00fablico, sediada no Conjunto de Favelas da Mar\u00e9, dedicada \u00e0 produ\u00e7\u00e3o de conhecimento e metodologias. As propostas de interven\u00e7\u00e3o e constru\u00e7\u00f5es solid\u00e1rias formuladas pelo coletivo para a cidade s\u00e3o elaboradas a partir das realidades vivenciadas nas favelas e periferias, de forma que as solu\u00e7\u00f5es consigam impactar pol\u00edticas p\u00fablicas e espelhar modelos alternativos de acesso a direitos e modos de conviv\u00eancias. Partindo de cinco eixos de atua\u00e7\u00e3o (Arte e Territ\u00f3rio; Comunica\u00e7\u00e3o; Educa\u00e7\u00e3o; Direito \u00e0 Vida e Seguran\u00e7a P\u00fablica; Pol\u00edticas Urbanas), a ONG define essas \u00e1reas como campos estrat\u00e9gicos e determinantes para transforma\u00e7\u00f5es sociais s\u00f3lidas. A elabora\u00e7\u00e3o e implementa\u00e7\u00e3o de programas, projetos e a\u00e7\u00f5es da institui\u00e7\u00e3o procuram integrar esses cinco eixos de atua\u00e7\u00e3o por meio de elementos comuns, a partir de debates sobre ra\u00e7a, g\u00eanero, classe, sexualidade e territorialidade. O objetivo \u00e9 garantir e ampliar direitos e oportunidades para favelas e periferias, al\u00e9m de suas moradoras e moradores. O Observat\u00f3rio de Favelas conta com parceiros (apoiadores e parceiros institucionais) que contribuem anualmente com o fortalecimento dos projetos da entidade, tendo conquistado in\u00fameros planos e t\u00edtulos.<\/td><\/tr><tr><td class=\"has-text-align-left\" data-align=\"left\"><strong>Projetos relacionados:  <\/strong><br><br>(1) PESQUISA VIOL\u00caNCIA CONTRA MULHERES E LETALIDADE FEMININA NO RIO DE JANEIRO: https:\/\/observatoriodefavelas.org.br\/wp-content\/uploads\/2022\/03\/Pesquisa_ViolenciaContraMulheres.pdf (DOCUMENTO ORIGINAL DA PESQUISA)<br>https:\/\/observatoriodefavelas.org.br\/pesquisa-violencia-genero-letalidade-feminina-rj\/ (RELEASE\/REPORTAGEM)<br>https:\/\/www.youtube.com\/watch?v=3Nzq55sxl90 (V\u00cdDEO APRESENTA\u00c7\u00c3O DA PESQUISA)<br>(2) CENAS DELAS: DIREITOS, POL\u00cdTICA E ARTE: <br>https:\/\/observatoriodefavelas.org.br\/cenas-delas1\/<br>https:\/\/www.youtube.com\/watch?v=HLucrZ2FaCI&amp;t=327s<\/td><\/tr><\/tbody><\/table><\/figure>\n<\/div>\n<\/div>\n","protected":false},"excerpt":{"rendered":"<p>3o Setor | Institui\u00e7\u00f5es Observat\u00f3rio de Favelas do Rio de Janeiro Site Oficial: https:\/\/observatoriodefavelas.org.br\/quem-somos\/ Descri\u00e7\u00e3o\/Trajet\u00f3ria: Fundado em 2001, o Observat\u00f3rio de Favelas \u00e9 uma Organiza\u00e7\u00e3o da Sociedade Civil de Interesse P\u00fablico, sediada no Conjunto de Favelas da Mar\u00e9, dedicada \u00e0 produ\u00e7\u00e3o de conhecimento e metodologias. As propostas de interven\u00e7\u00e3o e constru\u00e7\u00f5es solid\u00e1rias formuladas pelo coletivo [&hellip;]<\/p>\n","protected":false},"author":2,"featured_media":0,"comment_status":"closed","ping_status":"closed","sticky":false,"template":"","format":"standard","meta":[],"categories":[6],"tags":[],"_links":{"self":[{"href":"https:\/\/academiaolhodehorus.com.br\/index.php\/wp-json\/wp\/v2\/posts\/626"}],"collection":[{"href":"https:\/\/academiaolhodehorus.com.br\/index.php\/wp-json\/wp\/v2\/posts"}],"about":[{"href":"https:\/\/academiaolhodehorus.com.br\/index.php\/wp-json\/wp\/v2\/types\/post"}],"author":[{"embeddable":true,"href":"https:\/\/academiaolhodehorus.com.br\/index.php\/wp-json\/wp\/v2\/users\/2"}],"replies":[{"embeddable":true,"href":"https:\/\/academiaolhodehorus.com.br\/index.php\/wp-json\/wp\/v2\/comments?post=626"}],"version-history":[{"count":3,"href":"https:\/\/academiaolhodehorus.com.br\/index.php\/wp-json\/wp\/v2\/posts\/626\/revisions"}],"predecessor-version":[{"id":1530,"href":"https:\/\/academiaolhodehorus.com.br\/index.php\/wp-json\/wp\/v2\/posts\/626\/revisions\/1530"}],"wp:attachment":[{"href":"https:\/\/academiaolhodehorus.com.br\/index.php\/wp-json\/wp\/v2\/media?parent=626"}],"wp:term":[{"taxonomy":"category","embeddable":true,"href":"https:\/\/academiaolhodehorus.com.br\/index.php\/wp-json\/wp\/v2\/categories?post=626"},{"taxonomy":"post_tag","embeddable":true,"href":"https:\/\/academiaolhodehorus.com.br\/index.php\/wp-json\/wp\/v2\/tags?post=626"}],"curies":[{"name":"wp","href":"https:\/\/api.w.org\/{rel}","templated":true}]}}