{"id":640,"date":"2023-07-18T19:34:48","date_gmt":"2023-07-18T19:34:48","guid":{"rendered":"https:\/\/academiaolhodehorus.com.br\/?page_id=640"},"modified":"2023-07-18T20:52:46","modified_gmt":"2023-07-18T20:52:46","slug":"3o-setor-instituicoes-sos-corpo-instituto-feminista-para-a-democracia","status":"publish","type":"post","link":"https:\/\/academiaolhodehorus.com.br\/index.php\/2023\/07\/18\/3o-setor-instituicoes-sos-corpo-instituto-feminista-para-a-democracia\/","title":{"rendered":"3o Setor | Institui\u00e7\u00f5es | SOS Corpo &#8211; Instituto Feminista para a Democracia"},"content":{"rendered":"\n<div class=\"wp-block-group alignfull has-background is-layout-flow\" style=\"background-color:#f2f0e9\">\n<div class=\"wp-block-columns alignwide is-layout-flex wp-container-2\">\n<div class=\"wp-block-column is-layout-flow\" style=\"flex-basis:100%\">\n<p class=\"has-text-align-center has-foreground-color has-text-color\" style=\"font-size:25px;line-height:1.1\"><strong>3o Setor | Institui\u00e7\u00f5es<\/strong><\/p>\n<\/div>\n<\/div>\n<\/div>\n\n\n\n<div class=\"wp-block-columns alignfull is-layout-flex wp-container-5\">\n<div class=\"wp-block-column is-layout-flow\">\n<figure class=\"wp-block-table alignwide\" style=\"font-size:16px\"><table style=\"border-width:2px\"><tbody><tr><td class=\"has-text-align-left\" data-align=\"left\"><strong>SOS Corpo &#8211; Instituto Feminista para a Democracia<\/strong><\/td><\/tr><tr><td class=\"has-text-align-left\" data-align=\"left\"><strong>Site Oficial: <\/strong><a href=\"https:\/\/soscorpo.org\/\">https:\/\/soscorpo.org\/<\/a><\/td><\/tr><tr><td class=\"has-text-align-left\" data-align=\"left\"><strong>Descri\u00e7\u00e3o\/Trajet\u00f3ria:<\/strong><br><strong> <\/strong><br>Fundada em 13\/04\/1982, por Laura Susana Duque Arrazola, o SOS Corpo &#8211; Instituto Feminista para a Democracia \u00e9 uma associa\u00e7\u00e3o privada de defesa de direitos sociais que atua nas \u00e1reas de educa\u00e7\u00e3o e comunica\u00e7\u00e3o, onde sobressaem-se a cultura e a arte. A a\u00e7\u00e3o educativa feminista freireana (compreendida como meio de transforma\u00e7\u00e3o social e constru\u00e7\u00e3o permanente da cidadania) \u00e9 a base da interven\u00e7\u00e3o social do instituto, onde s\u00e3o realizadas oficinas, cursos e semin\u00e1rios, al\u00e9m de acompanhamento (assessoria) de a\u00e7\u00f5es e processos desencadeados pelos grupos e movimentos feministas. Nesse aspecto, o SOS Corpo posiciona no centro de sua pedagogia o conceito de movimento feminista como protagonista pol\u00edtico, bem como a dimens\u00e3o da subjetividade \u00e9 o elemento central na constru\u00e7\u00e3o da identidade pessoal e coletiva. As a\u00e7\u00f5es de comunica\u00e7\u00e3o e de express\u00f5es art\u00edsticas inserem-se na metodologia empregada pelo SOS Corpo como a possibilidade de se modificar o olhar sobre a realidade, produzindo tanto o sentimento do belo, quanto a indigna\u00e7\u00e3o contra as injusti\u00e7as. Nas palavras da Coordena\u00e7\u00e3o do instituto: &#8220;\u00c9 um modo de proceder que contribui para percep\u00e7\u00e3o dos problemas e eleva\u00e7\u00e3o da consci\u00eancia, mas que favorece tamb\u00e9m o encontro consigo mesma\/o, a elabora\u00e7\u00e3o sobre as possibilidades individuais e coletivas de mudan\u00e7as, ajudando a construir coletivamente elementos que expressem novos sentidos para a grupaliza\u00e7\u00e3o, a mobiliza\u00e7\u00e3o e a luta social. Esses sentidos podem vir a compor uma nova cultura de direitos, a serem exigidos, mas tamb\u00e9m vivenciados no cotidiano, como uma identidade coletiva centrada no pertencimento ao campo pol\u00edtico dos movimentos sociais, em especial ao feminismo&#8221;. A produ\u00e7ao do SOS Corpo nos segmentos de educa\u00e7\u00e3o e comunica\u00e7\u00e3o materializa-se nas formas de livros, revistas, s\u00e9ries, folderes e panfletos. Todo o conte\u00fado pode ser baixado, gratuitamente, no formato PDF. A SE\u00c7\u00c3O LIVROS cont\u00e9m cartilhas e pesquisas editados e\/ou publicados pelo SOS Corpo \u2013 Instituto Feminista para Democracia, ou escritos pelas trabalhadoras deste coletivo pol\u00edtico-profissional. S\u00e3o edi\u00e7\u00f5es com temas diversos das pautas feministas, que v\u00e3o desde trabalho, economia \u00e0 direitos sexuais e reprodutivos. Dispon\u00edvel em : https:\/\/soscorpo.org\/?page_id=2669. A SE\u00c7\u00c3O REVISTA re\u00fane a colet\u00e2nea \u201cCadernos de Cr\u00edtica Feminista\u201d. O objetivo dessa produ\u00e7\u00e3o de conhecimento cr\u00edtico \u00e9 ampliar o espa\u00e7o para o debate te\u00f3rico e pol\u00edtico sobre quest\u00f5es do feminismo. Os textos s\u00e3o de autoria de educadoras, pesquisadoras, militantes e pensadoras de diversos espa\u00e7os, e tamb\u00e9m internamente do pr\u00f3prio Instituto. Algumas contribui\u00e7\u00f5es s\u00e3o de autores de fora do Brasil, j\u00e1 que a dimens\u00e3o internacionalista para SOS Corpo \u00e9 parte da atividade feminista. Dispon\u00edvel para baixar em: https:\/\/soscorpo.org\/?page_id=2665. SE\u00c7\u00c3O S\u00c9RIES: Cada s\u00e9rie (\u201cMulheres em Movimento\u201d; &#8220;Forma\u00e7\u00e3o Pol\u00edtica\u201d; &#8220;Cirandas&#8221;; e \u201cDi\u00e1logos Feministas\u201d) pretende contribuir para o debate, reflex\u00e3o e elabora\u00e7\u00e3o do processo de auto-organiza\u00e7\u00e3o das mulheres e para o fortalecimento das lutas feministas. Todo o conte\u00fado pode ser lido online ou baixado. Dispon\u00edvel em: https:\/\/soscorpo.org\/?page_id=2667. PODCASTS <a href=\"https:\/\/soscorpo.org\/?cat=6\">https:\/\/soscorpo.org\/?cat=6<\/a> e V\u00cdDEOS <a href=\"https:\/\/soscorpo.org\/?cat=7\">https:\/\/soscorpo.org\/?cat=7<\/a> tamb\u00e9m podem ser baixados de gra\u00e7a.<\/td><\/tr><tr><td class=\"has-text-align-left\" data-align=\"left\"><strong>Projetos relacionados:  <\/strong><br><br>(00) livros; (00) revistas; (00) s\u00e9ries; (00) v\u00eddeos ; (00) podcasts<\/td><\/tr><\/tbody><\/table><\/figure>\n<\/div>\n<\/div>\n","protected":false},"excerpt":{"rendered":"<p>3o Setor | Institui\u00e7\u00f5es SOS Corpo &#8211; Instituto Feminista para a Democracia Site Oficial: https:\/\/soscorpo.org\/ Descri\u00e7\u00e3o\/Trajet\u00f3ria: Fundada em 13\/04\/1982, por Laura Susana Duque Arrazola, o SOS Corpo &#8211; Instituto Feminista para a Democracia \u00e9 uma associa\u00e7\u00e3o privada de defesa de direitos sociais que atua nas \u00e1reas de educa\u00e7\u00e3o e comunica\u00e7\u00e3o, onde sobressaem-se a cultura e [&hellip;]<\/p>\n","protected":false},"author":2,"featured_media":0,"comment_status":"closed","ping_status":"closed","sticky":false,"template":"","format":"standard","meta":[],"categories":[6],"tags":[],"_links":{"self":[{"href":"https:\/\/academiaolhodehorus.com.br\/index.php\/wp-json\/wp\/v2\/posts\/640"}],"collection":[{"href":"https:\/\/academiaolhodehorus.com.br\/index.php\/wp-json\/wp\/v2\/posts"}],"about":[{"href":"https:\/\/academiaolhodehorus.com.br\/index.php\/wp-json\/wp\/v2\/types\/post"}],"author":[{"embeddable":true,"href":"https:\/\/academiaolhodehorus.com.br\/index.php\/wp-json\/wp\/v2\/users\/2"}],"replies":[{"embeddable":true,"href":"https:\/\/academiaolhodehorus.com.br\/index.php\/wp-json\/wp\/v2\/comments?post=640"}],"version-history":[{"count":2,"href":"https:\/\/academiaolhodehorus.com.br\/index.php\/wp-json\/wp\/v2\/posts\/640\/revisions"}],"predecessor-version":[{"id":1541,"href":"https:\/\/academiaolhodehorus.com.br\/index.php\/wp-json\/wp\/v2\/posts\/640\/revisions\/1541"}],"wp:attachment":[{"href":"https:\/\/academiaolhodehorus.com.br\/index.php\/wp-json\/wp\/v2\/media?parent=640"}],"wp:term":[{"taxonomy":"category","embeddable":true,"href":"https:\/\/academiaolhodehorus.com.br\/index.php\/wp-json\/wp\/v2\/categories?post=640"},{"taxonomy":"post_tag","embeddable":true,"href":"https:\/\/academiaolhodehorus.com.br\/index.php\/wp-json\/wp\/v2\/tags?post=640"}],"curies":[{"name":"wp","href":"https:\/\/api.w.org\/{rel}","templated":true}]}}