{"id":642,"date":"2023-07-10T19:57:38","date_gmt":"2023-07-10T19:57:38","guid":{"rendered":"https:\/\/academiaolhodehorus.com.br\/?page_id=642"},"modified":"2023-07-18T21:10:35","modified_gmt":"2023-07-18T21:10:35","slug":"3o-setor-instituicoes-themis-genero-justica-e-direitos-humanos","status":"publish","type":"post","link":"https:\/\/academiaolhodehorus.com.br\/index.php\/2023\/07\/10\/3o-setor-instituicoes-themis-genero-justica-e-direitos-humanos\/","title":{"rendered":"3o Setor | Institui\u00e7\u00f5es | Themis, G\u00eanero, Justi\u00e7a e Direitos Humanos"},"content":{"rendered":"\n<div class=\"wp-block-group alignfull has-background is-layout-flow\" style=\"background-color:#f2f0e9\">\n<div class=\"wp-block-columns alignwide is-layout-flex wp-container-2\">\n<div class=\"wp-block-column is-layout-flow\" style=\"flex-basis:100%\">\n<p class=\"has-text-align-center has-foreground-color has-text-color\" style=\"font-size:25px;line-height:1.1\"><strong>3o Setor | Institui\u00e7\u00f5es<\/strong><\/p>\n<\/div>\n<\/div>\n<\/div>\n\n\n\n<div class=\"wp-block-columns alignfull is-layout-flex wp-container-5\">\n<div class=\"wp-block-column is-layout-flow\">\n<figure class=\"wp-block-table alignwide\" style=\"font-size:16px\"><table style=\"border-width:2px\"><tbody><tr><td class=\"has-text-align-left\" data-align=\"left\"><strong>Themis, G\u00eanero, Justi\u00e7a e Direitos Humanos<\/strong><\/td><\/tr><tr><td class=\"has-text-align-left\" data-align=\"left\"><strong>Site Oficial: <\/strong><a href=\"http:\/\/themis.org.br\/\">http:\/\/themis.org.br\/<\/a><\/td><\/tr><tr><td class=\"has-text-align-left\" data-align=\"left\"><strong>Descri\u00e7\u00e3o\/Trajet\u00f3ria:<\/strong><br><br>A Themis G\u00eanero, Justi\u00e7a e Direitos Humanos, organiza\u00e7\u00e3o da sociedade civil com sede em Porto Alegre (RS), foi criada em 1993 por um grupo de advogadas e cientistas sociais feministas com o objetivo de enfrentar a discrimina\u00e7\u00e3o contra mulheres no sistema de justi\u00e7a. S\u00e3o tr\u00eas as estrat\u00e9gias principais de a\u00e7\u00f5es da organiza\u00e7\u00e3o da sociedade civil: fortalecer o conhecimento das mulheres sobre seus direitos e o sistema de justi\u00e7a; dialogar com operadores\/as do Direito sobre os mecanismos institucionais que preservam e reproduzem a discrimina\u00e7\u00e3o contra mulheres; advogar em casos estrat\u00e9gicos para proteger e alavancar direitos das mulheres em esfera nacional ou internacional. A hist\u00f3ria da da entidade se confunde com as lutas e conquistas das mulheres brasileiras. A Themis participou do cons\u00f3rcio de organiza\u00e7\u00f5es que debateu e prop\u00f4s a Lei Maria da Penha e acompanha sua implementa\u00e7\u00e3o. Entre os 17 programas de forma\u00e7\u00e3o desenvolvidos pela ONG, destacam-se: (1) Promotoras Legais Populares &#8211; Projeto estrat\u00e9gico criado em 1993 para repensar o campo jur\u00eddico visando garantir o acesso \u00e0 Justi\u00e7a para todas as mulheres. O PLPs \u00e9 um efetivo instrumento de afirma\u00e7\u00e3o e dissemina\u00e7\u00e3o dos direitos humanos das mulheres, particularmente em rela\u00e7\u00e3o \u00e0 viol\u00eancia dom\u00e9stica e aos direitos sexuais e reprodutivos. O programa firmou-se como uma pol\u00edtica p\u00fablica n\u00e3o estatal. Come\u00e7ou na capital ga\u00facha, Porto Alegre, em 1993, e, 20 anos depois, est\u00e1 implementado em 14 munic\u00edpios do Estado do Rio Grande do Sul e em 11 estados brasileiros. (2) Advocacia Feminista \u2013 Desde 1993, tem como objetivo principal garantir o acesso das mulheres \u00e0 informa\u00e7\u00e3o sobre direitos fundamentais, j\u00e1 que a viol\u00eancia e a discrimina\u00e7\u00e3o de g\u00eanero se tornam ainda mais insidiosas quando elas desconhecem esses direitos. A Themis atende \u00e0s demandas e a\u00e7\u00f5es coletivas de organiza\u00e7\u00f5es da sociedade civil, grupos, coletivos ou cooperativas de mulheres, em temas que dialogam com a promo\u00e7\u00e3o e a defesa dos direitos humanos. (3) Jovens Multiplicadoras De Cidadania (JMC) &#8211; As desigualdades e viol\u00eancias s\u00e3o reproduzidas desde o processo de educa\u00e7\u00e3o das novas gera\u00e7\u00f5es. Por isso, em 2003, a Themis desenvolveu o programa Jovens Multiplicadoras de Cidadania, grupo de ativismo feminista e de direitos humanos. O projeto tem por objetivo fortalecer o protagonismo de mulheres jovens de classes populares e moradoras da periferia, para que elas conhe\u00e7am, acessem e reflitam sobre a justi\u00e7a, seus direitos e multipliquem uma cultura ampla de cidadania e direitos humanos. (4) Projeto Mulheres, Dignidade e Trabalho &#8211; Resultado de uma parceria com a Federa\u00e7\u00e3o Nacional de Trabalhadoras Dom\u00e9sticas (Fenatrad). O objetivo geral do Estudo \u00e9 realizar uma an\u00e1lise qualitativa sobre o ass\u00e9dio sexual no trabalhado dom\u00e9stico remunerado e a implementa\u00e7\u00e3o da Conven\u00e7\u00e3o 190 da OIT e sua recomenda\u00e7\u00e3o 206 considerando a regi\u00e3o da Am\u00e9rica Latina e Caribe, com destaque no Brasil, na Col\u00f4mbia e Equador. Dispon\u00edvel em: http:\/\/themis.org.br\/fazemos\/advocacia-feminista\/<\/td><\/tr><tr><td class=\"has-text-align-left\" data-align=\"left\"><strong>Projetos relacionados:  <\/strong><br><br>Ficha 2.6 (28) &#8211; Projeto Mulheres, Dignidade e Trabalho<\/td><\/tr><\/tbody><\/table><\/figure>\n<\/div>\n<\/div>\n","protected":false},"excerpt":{"rendered":"<p>3o Setor | Institui\u00e7\u00f5es Themis, G\u00eanero, Justi\u00e7a e Direitos Humanos Site Oficial: http:\/\/themis.org.br\/ Descri\u00e7\u00e3o\/Trajet\u00f3ria: A Themis G\u00eanero, Justi\u00e7a e Direitos Humanos, organiza\u00e7\u00e3o da sociedade civil com sede em Porto Alegre (RS), foi criada em 1993 por um grupo de advogadas e cientistas sociais feministas com o objetivo de enfrentar a discrimina\u00e7\u00e3o contra mulheres no sistema [&hellip;]<\/p>\n","protected":false},"author":2,"featured_media":0,"comment_status":"closed","ping_status":"closed","sticky":false,"template":"","format":"standard","meta":[],"categories":[6],"tags":[],"_links":{"self":[{"href":"https:\/\/academiaolhodehorus.com.br\/index.php\/wp-json\/wp\/v2\/posts\/642"}],"collection":[{"href":"https:\/\/academiaolhodehorus.com.br\/index.php\/wp-json\/wp\/v2\/posts"}],"about":[{"href":"https:\/\/academiaolhodehorus.com.br\/index.php\/wp-json\/wp\/v2\/types\/post"}],"author":[{"embeddable":true,"href":"https:\/\/academiaolhodehorus.com.br\/index.php\/wp-json\/wp\/v2\/users\/2"}],"replies":[{"embeddable":true,"href":"https:\/\/academiaolhodehorus.com.br\/index.php\/wp-json\/wp\/v2\/comments?post=642"}],"version-history":[{"count":3,"href":"https:\/\/academiaolhodehorus.com.br\/index.php\/wp-json\/wp\/v2\/posts\/642\/revisions"}],"predecessor-version":[{"id":1542,"href":"https:\/\/academiaolhodehorus.com.br\/index.php\/wp-json\/wp\/v2\/posts\/642\/revisions\/1542"}],"wp:attachment":[{"href":"https:\/\/academiaolhodehorus.com.br\/index.php\/wp-json\/wp\/v2\/media?parent=642"}],"wp:term":[{"taxonomy":"category","embeddable":true,"href":"https:\/\/academiaolhodehorus.com.br\/index.php\/wp-json\/wp\/v2\/categories?post=642"},{"taxonomy":"post_tag","embeddable":true,"href":"https:\/\/academiaolhodehorus.com.br\/index.php\/wp-json\/wp\/v2\/tags?post=642"}],"curies":[{"name":"wp","href":"https:\/\/api.w.org\/{rel}","templated":true}]}}