{"id":970,"date":"2023-07-19T18:12:28","date_gmt":"2023-07-19T18:12:28","guid":{"rendered":"https:\/\/academiaolhodehorus.com.br\/?page_id=970"},"modified":"2023-08-24T17:06:07","modified_gmt":"2023-08-24T17:06:07","slug":"3o-setor-projetos-c190-convencao-no-190-sobre-violencia-e-assedio-2019-convencao-sobre-a-eliminacao-da-violencia-e-do-assedio-no-mundo-do-trabalho-genebra-108a-sessao-da-cit-21-d","status":"publish","type":"post","link":"https:\/\/academiaolhodehorus.com.br\/index.php\/2023\/07\/19\/3o-setor-projetos-c190-convencao-no-190-sobre-violencia-e-assedio-2019-convencao-sobre-a-eliminacao-da-violencia-e-do-assedio-no-mundo-do-trabalho-genebra-108a-sessao-da-cit-21-d\/","title":{"rendered":"3o Setor | Projetos | C190 \u2013 Conven\u00e7\u00e3o (n\u00ba 190) sobre Viol\u00eancia e Ass\u00e9dio, 2019 \/ Conven\u00e7\u00e3o sobre a elimina\u00e7\u00e3o da viol\u00eancia e do ass\u00e9dio no mundo do trabalho. Genebra, 108\u00aa sess\u00e3o da CIT (21 de Jun 2019)"},"content":{"rendered":"\n<div class=\"wp-block-group alignfull has-background is-layout-flow\" style=\"background-color:#f2f0e9\">\n<div class=\"wp-block-columns alignwide is-layout-flex wp-container-2\">\n<div class=\"wp-block-column is-layout-flow\" style=\"flex-basis:100%\">\n<p class=\"has-text-align-center has-foreground-color has-text-color\" style=\"font-size:25px;line-height:1.1\"><strong>3o Setor | Projetos<\/strong><\/p>\n<\/div>\n<\/div>\n<\/div>\n\n\n\n<div class=\"wp-block-columns alignfull is-layout-flex wp-container-5\">\n<div class=\"wp-block-column is-layout-flow\">\n<figure class=\"wp-block-table alignwide\" style=\"font-size:16px\"><table style=\"border-width:2px\"><tbody><tr><td class=\"has-text-align-left\" data-align=\"left\"><strong>C190 \u2013 Conven\u00e7\u00e3o (n\u00ba 190) sobre Viol\u00eancia e Ass\u00e9dio, 2019 \/ Conven\u00e7\u00e3o sobre a elimina\u00e7\u00e3o da viol\u00eancia e do ass\u00e9dio no mundo do trabalho. Genebra, 108\u00aa sess\u00e3o da CIT (21 de Jun 2019<\/strong>)<\/td><\/tr><tr><td class=\"has-text-align-left\" data-align=\"left\"><strong>Institui\u00e7\u00e3o: <\/strong>OIT \u2013 Organiza\u00e7\u00e3o Internacional do Trabalho<\/td><\/tr><tr><td class=\"has-text-align-left\" data-align=\"left\"><strong>Acesse o Projeto:<\/strong>  <br><br><a rel=\"noreferrer noopener\" href=\"https:\/\/www.ilo.org\/brasilia\/noticias\/WCMS_831984\/lang--pt\/index.htm\" target=\"_blank\">https:\/\/www.ilo.org\/brasilia\/noticias\/WCMS_831984\/lang&#8211;pt\/index.htm<\/a><br><a rel=\"noreferrer noopener\" href=\"https:\/\/www.ilo.org\/wcmsp5\/groups\/public\/---europe\/---ro-geneva\/---ilo-lisbon\/documents\/genericdocument\/wcms_729459.pdf\" target=\"_blank\">https:\/\/www.ilo.org\/wcmsp5\/groups\/public\/&#8212;europe\/&#8212;ro-geneva\/&#8212;ilo-lisbon\/documents\/genericdocument\/wcms_729459.pdf<\/a><\/td><\/tr><tr><td class=\"has-text-align-left\" data-align=\"left\"><strong>Formato:<\/strong> &nbsp;Jur\u00eddico<\/td><\/tr><tr><td class=\"has-text-align-left\" data-align=\"left\"><strong>Descri\u00e7\u00e3o:<\/strong><br><br>O principal avan\u00e7o desta conven\u00e7\u00e3o \u00e9 uma defini\u00e7\u00e3o jur\u00eddica internacional para conceitos que por vezes ficavam confusos ou t\u00eam divergentes defini\u00e7\u00f5es em diferentes especialidades do conhecimento ou jurisdi\u00e7\u00f5es, como ass\u00e9dio moral vs. ass\u00e9dio sexual, entre outros. A Conven\u00e7\u00e3o soluciona a quest\u00e3o por n\u00e3o criar uma diferen\u00e7a jur\u00eddica entre viol\u00eancia e ass\u00e9dio, tratando-os em conjunto. O documento estabelece o conceito formal de viol\u00eancia e ass\u00e9dio como \u201cuma variedade de comportamentos e pr\u00e1ticas inaceit\u00e1veis, ou sua amea\u00e7a (\u2026) que sistematicamente ou isoladamente (\u2026) visam, resultam ou podem resultar em danos f\u00edsicos, psicol\u00f3gicos, sexuais ou econ\u00f4micos\u201d. O conceito geral ainda inclui a \u201cviol\u00eancia ou ass\u00e9dio baseados em g\u00eanero\u201d. Em outras palavras: viol\u00eancia e ass\u00e9dios s\u00e3o comportamentos \/ pr\u00e1ticas \/ amea\u00e7as que (i) causam, (ii) podem causar ou (iii) tem por objetivo causar danos: (a) f\u00edsicos, (b) psicol\u00f3gicos, (c) sexuais e\/ou (d) econ\u00f4micos. Vale tanto para atos isolados quanto para pr\u00e1ticas sist\u00eamicas. Defini\u00e7\u00f5es segundo: <a href=\"https:\/\/jus.com.br\/artigos\/91732\/entenda-a-mais-nova-convencao-da-oit-em-vigor-internacionalmente-a-c190-sobre-violencia-e-assedio-no-ambiente-de-trabalho#_ftn4\">https:\/\/jus.com.br\/artigos\/91732\/entenda-a-mais-nova-convencao-da-oit-em-vigor-internacionalmente-a-c190-sobre-violencia-e-assedio-no-ambiente-de-trabalho#_ftn4<\/a><\/td><\/tr><\/tbody><\/table><\/figure>\n<\/div>\n<\/div>\n\n\n\n<p class=\"has-text-align-right\"><strong><a href=\"https:\/\/academiaolhodehorus.com.br\/\" data-type=\"page\" data-id=\"22\">voltar \u2192<\/a><\/strong><\/p>\n","protected":false},"excerpt":{"rendered":"<p>3o Setor | Projetos C190 \u2013 Conven\u00e7\u00e3o (n\u00ba 190) sobre Viol\u00eancia e Ass\u00e9dio, 2019 \/ Conven\u00e7\u00e3o sobre a elimina\u00e7\u00e3o da viol\u00eancia e do ass\u00e9dio no mundo do trabalho. Genebra, 108\u00aa sess\u00e3o da CIT (21 de Jun 2019) Institui\u00e7\u00e3o: OIT \u2013 Organiza\u00e7\u00e3o Internacional do Trabalho Acesse o Projeto: https:\/\/www.ilo.org\/brasilia\/noticias\/WCMS_831984\/lang&#8211;pt\/index.htmhttps:\/\/www.ilo.org\/wcmsp5\/groups\/public\/&#8212;europe\/&#8212;ro-geneva\/&#8212;ilo-lisbon\/documents\/genericdocument\/wcms_729459.pdf Formato: &nbsp;Jur\u00eddico Descri\u00e7\u00e3o: O principal avan\u00e7o desta [&hellip;]<\/p>\n","protected":false},"author":2,"featured_media":0,"comment_status":"closed","ping_status":"closed","sticky":false,"template":"","format":"standard","meta":[],"categories":[7],"tags":[],"_links":{"self":[{"href":"https:\/\/academiaolhodehorus.com.br\/index.php\/wp-json\/wp\/v2\/posts\/970"}],"collection":[{"href":"https:\/\/academiaolhodehorus.com.br\/index.php\/wp-json\/wp\/v2\/posts"}],"about":[{"href":"https:\/\/academiaolhodehorus.com.br\/index.php\/wp-json\/wp\/v2\/types\/post"}],"author":[{"embeddable":true,"href":"https:\/\/academiaolhodehorus.com.br\/index.php\/wp-json\/wp\/v2\/users\/2"}],"replies":[{"embeddable":true,"href":"https:\/\/academiaolhodehorus.com.br\/index.php\/wp-json\/wp\/v2\/comments?post=970"}],"version-history":[{"count":5,"href":"https:\/\/academiaolhodehorus.com.br\/index.php\/wp-json\/wp\/v2\/posts\/970\/revisions"}],"predecessor-version":[{"id":2307,"href":"https:\/\/academiaolhodehorus.com.br\/index.php\/wp-json\/wp\/v2\/posts\/970\/revisions\/2307"}],"wp:attachment":[{"href":"https:\/\/academiaolhodehorus.com.br\/index.php\/wp-json\/wp\/v2\/media?parent=970"}],"wp:term":[{"taxonomy":"category","embeddable":true,"href":"https:\/\/academiaolhodehorus.com.br\/index.php\/wp-json\/wp\/v2\/categories?post=970"},{"taxonomy":"post_tag","embeddable":true,"href":"https:\/\/academiaolhodehorus.com.br\/index.php\/wp-json\/wp\/v2\/tags?post=970"}],"curies":[{"name":"wp","href":"https:\/\/api.w.org\/{rel}","templated":true}]}}